{"id":20776,"date":"2023-09-18T11:58:35","date_gmt":"2023-09-18T09:58:35","guid":{"rendered":"https:\/\/www.cerege.fr\/?p=20776"},"modified":"2023-10-13T14:19:08","modified_gmt":"2023-10-13T12:19:08","slug":"la-fete-de-la-science-au-village-des-sciences-de-larbois","status":"publish","type":"post","link":"https:\/\/www.cerege.fr\/en\/la-fete-de-la-science-au-village-des-sciences-de-larbois\/","title":{"rendered":"F\u00eate de la Science at the Arbois Science Village"},"content":{"rendered":"<p>&nbsp;<\/p>\n<p><img fetchpriority=\"high\" decoding=\"async\" class=\"wp-image-20778 alignleft\" src=\"https:\/\/www.cerege.fr\/wp-content\/uploads\/2023\/09\/Couverture_Facebook_2_FDS_2023-300x111.jpg\" alt=\"\" width=\"525\" height=\"194\" srcset=\"https:\/\/www.cerege.fr\/wp-content\/uploads\/2023\/09\/Couverture_Facebook_2_FDS_2023-300x111.jpg 300w, https:\/\/www.cerege.fr\/wp-content\/uploads\/2023\/09\/Couverture_Facebook_2_FDS_2023-1024x379.jpg 1024w, https:\/\/www.cerege.fr\/wp-content\/uploads\/2023\/09\/Couverture_Facebook_2_FDS_2023-768x284.jpg 768w, https:\/\/www.cerege.fr\/wp-content\/uploads\/2023\/09\/Couverture_Facebook_2_FDS_2023-1536x568.jpg 1536w, https:\/\/www.cerege.fr\/wp-content\/uploads\/2023\/09\/Couverture_Facebook_2_FDS_2023-18x7.jpg 18w, https:\/\/www.cerege.fr\/wp-content\/uploads\/2023\/09\/Couverture_Facebook_2_FDS_2023-1320x488.jpg 1320w, https:\/\/www.cerege.fr\/wp-content\/uploads\/2023\/09\/Couverture_Facebook_2_FDS_2023.jpg 1773w\" sizes=\"(max-width: 525px) 100vw, 525px\" \/><em>Every year for the past 19 years, CEREGE (the European Centre for Research and Education in Environmental Geosciences) has opened its doors and its science to schoolchildren and the general public free of charge to mark the F\u00eate de la Science, which will take place in France from 6 to 16 October 2023.<\/em><\/p>\n<p><strong>Its Science Village at the Technopole de l'Arbois<\/strong><br \/>\nOn Thursday 12 October 2023, the Village des Sciences de l'Arbois, the largest grouping of laboratories working in the field of environmental sciences, will host 40 workshops and 3 conferences for more than 600 primary school children from the southern region, thanks to the involvement of around a hundred researchers, teacher-researchers, technicians, engineers, managers, staff from the Technop\u00f4le de l'Arbois and many players in regional scientific communication.<\/p>\n<p><strong>New dates<img decoding=\"async\" class=\"size-medium wp-image-20790 alignright\" src=\"https:\/\/www.cerege.fr\/wp-content\/uploads\/2023\/09\/Fete-de-la-science-202220221013_0047-300x169.jpg\" alt=\"\" width=\"300\" height=\"169\" srcset=\"https:\/\/www.cerege.fr\/wp-content\/uploads\/2023\/09\/Fete-de-la-science-202220221013_0047-300x169.jpg 300w, https:\/\/www.cerege.fr\/wp-content\/uploads\/2023\/09\/Fete-de-la-science-202220221013_0047-1024x577.jpg 1024w, https:\/\/www.cerege.fr\/wp-content\/uploads\/2023\/09\/Fete-de-la-science-202220221013_0047-768x432.jpg 768w, https:\/\/www.cerege.fr\/wp-content\/uploads\/2023\/09\/Fete-de-la-science-202220221013_0047-1536x865.jpg 1536w, https:\/\/www.cerege.fr\/wp-content\/uploads\/2023\/09\/Fete-de-la-science-202220221013_0047-scaled.jpg 2048w, https:\/\/www.cerege.fr\/wp-content\/uploads\/2023\/09\/Fete-de-la-science-202220221013_0047-18x10.jpg 18w, https:\/\/www.cerege.fr\/wp-content\/uploads\/2023\/09\/Fete-de-la-science-202220221013_0047-1320x743.jpg 1320w\" sizes=\"(max-width: 300px) 100vw, 300px\" \/><\/strong><br \/>\nThis year, the village is extended on Saturday <strong>7 October 2023 at the media library in La Roque d'Anth\u00e9ron<\/strong>, In the south of Luberon, with workshops and conferences on the theme of \u00abWater: a living resource\u00bb.<br \/>\nAn event open to all, from 2pm to 7pm.<br \/>\nFind out more about CEREGE <strong>in Venelles on Saturday 14 October<\/strong> for a workshop and conference on the theme of water.<\/p>\n<p><strong>2023: Science and sport as a national theme<\/strong><br \/>\nWhat does it mean to be a researcher, what is his or her life and daily routine? What makes their research qualitative? What makes the difference?<br \/>\nResearch is often portrayed in lab coats, with test tubes, analysis and studious reflection, far removed from the image of the trained explorer. Yet very often, the researcher has to reach the inaccessible and swaps his lab coat for the hyper-technical equipment of the explorer.<br \/>\nIn environmental geosciences, we need to be prepared for the many challenges that lie ahead.<br \/>\nThose involved in research at CEREGE bear witness to this in this <a href=\"https:\/\/www.cerege.fr\/en\/welcome-cerege\/focus-4\/\">focus<\/a>.<\/p>\n<p><strong><img decoding=\"async\" class=\"size-medium wp-image-20791 alignleft\" src=\"https:\/\/www.cerege.fr\/wp-content\/uploads\/2023\/09\/Fete-de-la-science-202220221013_0048-300x169.jpg\" alt=\"\" width=\"300\" height=\"169\" srcset=\"https:\/\/www.cerege.fr\/wp-content\/uploads\/2023\/09\/Fete-de-la-science-202220221013_0048-300x169.jpg 300w, https:\/\/www.cerege.fr\/wp-content\/uploads\/2023\/09\/Fete-de-la-science-202220221013_0048-1024x576.jpg 1024w, https:\/\/www.cerege.fr\/wp-content\/uploads\/2023\/09\/Fete-de-la-science-202220221013_0048-768x432.jpg 768w, https:\/\/www.cerege.fr\/wp-content\/uploads\/2023\/09\/Fete-de-la-science-202220221013_0048-1536x865.jpg 1536w, https:\/\/www.cerege.fr\/wp-content\/uploads\/2023\/09\/Fete-de-la-science-202220221013_0048-scaled.jpg 2048w, https:\/\/www.cerege.fr\/wp-content\/uploads\/2023\/09\/Fete-de-la-science-202220221013_0048-18x10.jpg 18w, https:\/\/www.cerege.fr\/wp-content\/uploads\/2023\/09\/Fete-de-la-science-202220221013_0048-1320x743.jpg 1320w\" sizes=\"(max-width: 300px) 100vw, 300px\" \/>Many supporters<br \/>\n<\/strong>This event is organised by CEREGE (Centre Europ\u00e9en de Recherche et d'Enseignement des G\u00e9osciences de l'Environnement) with the support of the following organisations <strong>Petits D\u00e9brouillards<\/strong>in partnership with <strong>Technopole Environnement Arbois-M\u00e9diterran\u00e9e<\/strong>,<strong>Aix-Marseille University<\/strong>,<strong>Observatoire de Sciences de l'Univers Institut Pyth\u00e9as<\/strong>,<strong>IMBE<\/strong> (Mediterranean Institute of Biodiversity and Marine and Continental Ecology), the <strong>Environmental Chemistry Laboratory<\/strong>and the <strong>Marseille Astrophysics Laboratory<\/strong> (LAM). Scientists from the<strong>IRD<\/strong>the<strong>INRA\u00e9 Recover<\/strong> (Aix-en-Provence), the<strong>Mediterranean Institute for Environmental Transition<\/strong> (ITEM), the <strong>Coll\u00e8ge de France<\/strong>the <strong>Sainte Victoire Nature Reserve<\/strong> and the <strong>Aix-en-Provence Natural History Museum<\/strong>.<br \/>\nThe Village des Sciences de l'Arbois is also supported by the Aix-Marseille Provence metropolitan authority, the <strong>EN ECCOREV<\/strong> and the <strong>Southern Region<\/strong>.<\/p>\n<p>More information on the event<\/p>\n<p>Press contact: <a href=\"mailto:monnier@cerege.fr\">Leslie Monnier<\/a><br \/>\nHead of Organisation: <a href=\"mailto:sonzogni@cerege.fr\">Corinne Sonzogni<\/a><br \/>\n@ : <a href=\"mailto:fetedelascience@cerege.fr\">fetedelascience@cerege.fr<\/a><\/p>\n<p><strong>Saturday 7 October, General Public Day<\/strong><br \/>\n<em>La Roque d'Anth\u00e9ron multimedia library<\/em><\/p>\n<p>CONFERENCES<img loading=\"lazy\" decoding=\"async\" class=\"size-medium wp-image-20794 alignright\" src=\"https:\/\/www.cerege.fr\/wp-content\/uploads\/2023\/09\/Fete-de-la-science-202220221013_0098-300x169.jpg\" alt=\"\" width=\"300\" height=\"169\" srcset=\"https:\/\/www.cerege.fr\/wp-content\/uploads\/2023\/09\/Fete-de-la-science-202220221013_0098-300x169.jpg 300w, https:\/\/www.cerege.fr\/wp-content\/uploads\/2023\/09\/Fete-de-la-science-202220221013_0098-1024x577.jpg 1024w, https:\/\/www.cerege.fr\/wp-content\/uploads\/2023\/09\/Fete-de-la-science-202220221013_0098-768x432.jpg 768w, https:\/\/www.cerege.fr\/wp-content\/uploads\/2023\/09\/Fete-de-la-science-202220221013_0098-1536x865.jpg 1536w, https:\/\/www.cerege.fr\/wp-content\/uploads\/2023\/09\/Fete-de-la-science-202220221013_0098-scaled.jpg 2048w, https:\/\/www.cerege.fr\/wp-content\/uploads\/2023\/09\/Fete-de-la-science-202220221013_0098-18x10.jpg 18w, https:\/\/www.cerege.fr\/wp-content\/uploads\/2023\/09\/Fete-de-la-science-202220221013_0098-1320x743.jpg 1320w\" sizes=\"(max-width: 300px) 100vw, 300px\" \/><br \/>\n<strong>14h00\u00a0 <em>\u00abWater in the 21st century and the necessary revolution\u00bb<\/em>,<\/strong> Nicolas ROCHE, Professor of<br \/>\nprocesses (AMU), researcher at CEREGE \/ Institut M\u00e9diterran\u00e9en sur la Transition Environnementale).<br \/>\n<strong>17h00\u00a0 <em>\"Phytoplankton: the history of ocean meadows<\/em><\/strong><strong><em>ques<\/em><\/strong>Luc BEAUFORT, marine ecologist and<br \/>\npalaeontologist, Director of Research at the CNRS<\/p>\n<p>WORKSHOPS<br \/>\nDiatoms: curious microscopic algae<br \/>\nFountain, will I drink your reused water?<br \/>\nThe augmented reality sandbox<br \/>\nBioindicators &amp; Automation of climate tracers<\/p>\n<p><strong>Thursday 12 October, Primary schools\u00a0\u00a0\u00a0 <\/strong><br \/>\n<em>Arbois Science Village<\/em>, <em>Technopole Environnement Arbois-M\u00e9diterran\u00e9e<\/em><\/p>\n<p>CONFERENCES<img loading=\"lazy\" decoding=\"async\" class=\"size-medium wp-image-20793 alignleft\" src=\"https:\/\/www.cerege.fr\/wp-content\/uploads\/2023\/09\/Fete-de-la-science-202220221013_0065-300x169.jpg\" alt=\"\" width=\"300\" height=\"169\" srcset=\"https:\/\/www.cerege.fr\/wp-content\/uploads\/2023\/09\/Fete-de-la-science-202220221013_0065-300x169.jpg 300w, https:\/\/www.cerege.fr\/wp-content\/uploads\/2023\/09\/Fete-de-la-science-202220221013_0065-1024x577.jpg 1024w, https:\/\/www.cerege.fr\/wp-content\/uploads\/2023\/09\/Fete-de-la-science-202220221013_0065-768x432.jpg 768w, https:\/\/www.cerege.fr\/wp-content\/uploads\/2023\/09\/Fete-de-la-science-202220221013_0065-1536x865.jpg 1536w, https:\/\/www.cerege.fr\/wp-content\/uploads\/2023\/09\/Fete-de-la-science-202220221013_0065-scaled.jpg 2048w, https:\/\/www.cerege.fr\/wp-content\/uploads\/2023\/09\/Fete-de-la-science-202220221013_0065-18x10.jpg 18w, https:\/\/www.cerege.fr\/wp-content\/uploads\/2023\/09\/Fete-de-la-science-202220221013_0065-1320x743.jpg 1320w\" sizes=\"(max-width: 300px) 100vw, 300px\" \/><\/p>\n<p>. <strong>10h<\/strong> <strong>\"\u00a0<em>The profession of palaeontologist<\/em><\/strong>by Yves DUTOUR, Conservation Officer in charge of the Natural History Museum in Aix-en-Provence.<br \/>\n. <strong>14h <em>\"I eat, you eat, he\/she eats... what kind of climate and biodiversity is on my plate?<\/em><\/strong> by Alberte BONDEAU, CNRS Research Fellow, Mediterranean Institute of Biodiversity and Marine and Continental Ecology<\/p>\n<p>WORKSHOPS<\/p>\n<p>Meteorites: a journey through the solar system<br \/>\nHow do we know what environment the first humans lived in?<br \/>\nRock under the microscope<br \/>\nRivers: from the mountains to the sea<br \/>\nDiatoms: curious microscopic algae<br \/>\nMicrofossils: witnesses to past climates or the double life of plankton<br \/>\nThe fossil sorting machine<br \/>\nMinerals that reveal the age of the Earth's surfaces<br \/>\nDinosaurs of Provence<br \/>\nDams - How do they resist the force of water?<br \/>\nWhat drives ocean circulation?<br \/>\nDrones for the geosciences<br \/>\nFloors: make your own!<br \/>\nSoil pollution<br \/>\nFountain, will I drink your reused water?<br \/>\nLet the carrots do the talking!<br \/>\nAnthracology<br \/>\nWhat's in our air?<br \/>\nAugmented reality sandbox<br \/>\nTerrestrial magnetism<br \/>\nExtraction of banana DNA<br \/>\nThe mysteries of the nanoworld: discovering the infinitely small<br \/>\nNanoparticles: small but powerful<br \/>\nHistory of the tree, the example of the Proven\u00e7al pine<br \/>\nJourney to the heart of a water table<br \/>\nEarthquakes and seismic risk<br \/>\nDraw me a Rhabdodon<br \/>\nOstracods as bio-indicators of paleo-environments<br \/>\nCO2<br \/>\nPlate tectonics<br \/>\nJunior Climate Fresco<br \/>\nWomen in Science<br \/>\nPhoto Booth<br \/>\nFossils in Provence<br \/>\nJourney to the heart of wood<br \/>\nIn search of the blue fairy<br \/>\nThe Red Cross<br \/>\nDiscovering the birds of the Sud-PACA region<br \/>\nSpace Guardians<br \/>\nMicroplastics<br \/>\nThe energy-generating bicycle<\/p>\n<p><strong><br \/>\nSaturday 14 October, General public<br \/>\n<\/strong><em>Venelles, MJC and Place Trucy<\/em><\/p>\n<p>1.30pm to 3.30pm workshop, Place de la Mairie (Marius Trucy)<br \/>\n<em>Domestic uses of water, <\/em>par Alain Veron<\/p>\n<p>3.45pm\/4.45pm: Conference <em>Water: health issues and risks<\/em> par Alain Veron<br \/>\nMJC, 2 all\u00e9e de la Roberte<\/p>\n<p>This conference sets out the toxic risks associated with water consumption and resulting from industrial or natural disturbances by presenting historical examples of the emergence of chemical and biological pathogens, in a multidisciplinary manner.<\/p>\n<p><a href=\"https:\/\/www.mjc-venelles.org\/evenement\/la-fete-de-la-science-2\/\" target=\"_blank\" rel=\"noopener\">For further information<\/a><\/p>","protected":false},"excerpt":{"rendered":"<p>&nbsp; Comme chaque ann\u00e9e depuis 19 ans, le CEREGE (Centre Europ\u00e9en de recherche et d\u2019enseignement des g\u00e9osciences de l\u2019environnement) ouvre gratuitement ses portes et sa science aux scolaires et au [&hellip;]<\/p>\n","protected":false},"author":551,"featured_media":20780,"comment_status":"closed","ping_status":"closed","sticky":false,"template":"","format":"standard","meta":{"_acf_changed":false,"footnotes":""},"categories":[19],"tags":[],"class_list":["post-20776","post","type-post","status-publish","format-standard","has-post-thumbnail","hentry","category-archive"],"acf":[],"publishpress_future_action":{"enabled":false,"date":"2026-05-06 10:19:39","action":"change-status","newStatus":"draft","terms":[],"taxonomy":"category","extraData":[]},"publishpress_future_workflow_manual_trigger":{"enabledWorkflows":[]},"_links":{"self":[{"href":"https:\/\/www.cerege.fr\/en\/wp-json\/wp\/v2\/posts\/20776","targetHints":{"allow":["GET"]}}],"collection":[{"href":"https:\/\/www.cerege.fr\/en\/wp-json\/wp\/v2\/posts"}],"about":[{"href":"https:\/\/www.cerege.fr\/en\/wp-json\/wp\/v2\/types\/post"}],"author":[{"embeddable":true,"href":"https:\/\/www.cerege.fr\/en\/wp-json\/wp\/v2\/users\/551"}],"replies":[{"embeddable":true,"href":"https:\/\/www.cerege.fr\/en\/wp-json\/wp\/v2\/comments?post=20776"}],"version-history":[{"count":5,"href":"https:\/\/www.cerege.fr\/en\/wp-json\/wp\/v2\/posts\/20776\/revisions"}],"predecessor-version":[{"id":20965,"href":"https:\/\/www.cerege.fr\/en\/wp-json\/wp\/v2\/posts\/20776\/revisions\/20965"}],"wp:featuredmedia":[{"embeddable":true,"href":"https:\/\/www.cerege.fr\/en\/wp-json\/wp\/v2\/media\/20780"}],"wp:attachment":[{"href":"https:\/\/www.cerege.fr\/en\/wp-json\/wp\/v2\/media?parent=20776"}],"wp:term":[{"taxonomy":"category","embeddable":true,"href":"https:\/\/www.cerege.fr\/en\/wp-json\/wp\/v2\/categories?post=20776"},{"taxonomy":"post_tag","embeddable":true,"href":"https:\/\/www.cerege.fr\/en\/wp-json\/wp\/v2\/tags?post=20776"}],"curies":[{"name":"wp","href":"https:\/\/api.w.org\/{rel}","templated":true}]}}