{"id":18600,"global_id":"www.cerege.fr\/fr?id=18600","global_id_lineage":["www.cerege.fr\/fr?id=18600"],"author":"724","status":"publish","date":"2023-05-09 08:10:16","date_utc":"2023-05-09 06:10:16","modified":"2023-05-09 09:52:37","modified_utc":"2023-05-09 07:52:37","url":"https:\/\/www.cerege.fr\/fr\/agenda\/journee-de-la-transition\/","rest_url":"https:\/\/www.cerege.fr\/fr\/wp-json\/tribe\/events\/v1\/events\/18600","title":"Journ\u00e9e de la Transition","description":"<p>Un premier questionnaire aupr\u00e8s des 250 c\u00e9r\u00e9gien.ne.s a permis de recueillir le positionnement et l\u2019\u00e9tat d\u2019esprit de chacun sur les sujets de cette transition, ce qu\u2019il attend ou pas de son laboratoire, son engagement et les actions concr\u00e8tes possibles \u00e0 son niveau. Il s\u2019av\u00e8re que<strong> 76% des agents<\/strong> sont <b>pr\u00eats<\/b> <b>\u00e0<\/b><b> changer <\/b><b>leurs<\/b><b> habitudes<\/b> au travail pour r\u00e9duire l\u2019empreinte environnementale. Sur 100 participants \u00e0 la session interne CEREGE <strong>\u00ab Ma Terre en 180 Min \u00bb, 60% estiment les leviers de r\u00e9ductions inspirants pour des mesures r\u00e9alisables.<\/strong><\/p>\n<p>Dans cette continuit\u00e9, la Journ\u00e9e Transition du CEREGE le 12 juin prochain, vise \u00e0 poser la r\u00e9flexion de fa\u00e7on collective et \u00e0 \u00e9tudier les actions concr\u00e8tes \u00e0 mettre en place pour r\u00e9duire l\u2019impact environnemental du CEREGE.<\/p>","excerpt":"","slug":"journee-de-la-transition","image":false,"all_day":true,"start_date":"2023-05-12 00:00:00","start_date_details":{"year":"2023","month":"05","day":"12","hour":"00","minutes":"00","seconds":"00"},"end_date":"2023-05-12 23:59:59","end_date_details":{"year":"2023","month":"05","day":"12","hour":"23","minutes":"59","seconds":"59"},"utc_start_date":"2023-05-11 22:00:00","utc_start_date_details":{"year":"2023","month":"05","day":"11","hour":"22","minutes":"00","seconds":"00"},"utc_end_date":"2023-05-12 21:59:59","utc_end_date_details":{"year":"2023","month":"05","day":"12","hour":"21","minutes":"59","seconds":"59"},"timezone":"Europe\/Paris","timezone_abbr":"CEST","cost":"","cost_details":{"currency_symbol":"","currency_code":"","currency_position":"suffix","values":[]},"website":"","show_map":true,"show_map_link":true,"hide_from_listings":false,"sticky":false,"featured":false,"categories":[],"tags":[],"venue":{"id":18611,"author":"724","status":"publish","date":"2023-05-09 09:52:38","date_utc":"2023-05-09 07:52:38","modified":"2023-05-09 09:52:38","modified_utc":"2023-05-09 07:52:38","url":"https:\/\/www.cerege.fr\/fr\/lieu\/domaine-de-chante-grillet-a-ventabren\/","venue":"Domaine de Chante Grillet \u00e0 Ventabren","slug":"domaine-de-chante-grillet-a-ventabren","address":"588 Chem. de Chante Grillet","city":"Ventabren","zip":"13122","json_ld":{"@type":"Place","name":"Domaine de Chante Grillet \u00e0 Ventabren","description":"","url":"","address":{"@type":"PostalAddress","streetAddress":"588 Chem. de Chante Grillet","addressLocality":"Ventabren","postalCode":"13122"},"telephone":"","sameAs":""},"show_map":true,"show_map_link":true,"global_id":"www.cerege.fr\/fr?id=18611","global_id_lineage":["www.cerege.fr\/fr?id=18611"]},"organizer":[{"id":2536,"author":"551","status":"publish","date":"2022-08-17 11:06:23","date_utc":"2022-08-17 09:06:23","modified":"2023-02-03 15:10:37","modified_utc":"2023-02-03 14:10:37","url":"https:\/\/www.cerege.fr\/fr\/organisateur\/cerege\/","organizer":"CEREGE","slug":"cerege","website":"https:\/\/www.cerege.fr\/","json_ld":{"@type":"Person","name":"CEREGE","description":"","url":"https:\/\/www.cerege.fr\/","telephone":"","email":"","sameAs":"https:\/\/www.cerege.fr\/"},"global_id":"www.cerege.fr\/fr?id=2536","global_id_lineage":["www.cerege.fr\/fr?id=2536"]}],"custom_fields":[],"json_ld":{"@context":"http:\/\/schema.org","@type":"Event","name":"Journ\u00e9e de la Transition","description":"&lt;p&gt;Un premier questionnaire aupr\u00e8s des 250 c\u00e9r\u00e9gien.ne.s a permis de recueillir le positionnement et l\u2019\u00e9tat d\u2019esprit de chacun sur les sujets de cette transition, ce qu\u2019il attend ou pas de [&hellip;]&lt;\/p&gt;\\n","url":"https:\/\/www.cerege.fr\/fr\/agenda\/journee-de-la-transition\/","eventAttendanceMode":"https:\/\/schema.org\/OfflineEventAttendanceMode","eventStatus":"https:\/\/schema.org\/EventScheduled","startDate":"2023-05-12T00:00:00+02:00","endDate":"2023-05-12T23:59:59+02:00","location":{"@type":"Place","name":"Domaine de Chante Grillet \u00e0 Ventabren","description":"","url":"","address":{"@type":"PostalAddress","streetAddress":"588 Chem. de Chante Grillet","addressLocality":"Ventabren","postalCode":"13122"},"telephone":"","sameAs":""},"organizer":{"@type":"Person","name":"CEREGE","description":"","url":"https:\/\/www.cerege.fr\/","telephone":"","email":"","sameAs":"https:\/\/www.cerege.fr\/"},"performer":"Organization"}}