{"id":20776,"date":"2023-09-18T11:58:35","date_gmt":"2023-09-18T09:58:35","guid":{"rendered":"https:\/\/www.cerege.fr\/?p=20776"},"modified":"2023-10-13T14:19:08","modified_gmt":"2023-10-13T12:19:08","slug":"la-fete-de-la-science-au-village-des-sciences-de-larbois","status":"publish","type":"post","link":"https:\/\/www.cerege.fr\/fr\/la-fete-de-la-science-au-village-des-sciences-de-larbois\/","title":{"rendered":"La F\u00eate de la Science au Village des sciences de l&#8217;Arbois"},"content":{"rendered":"<p>&nbsp;<\/p>\n<p><img fetchpriority=\"high\" decoding=\"async\" class=\"wp-image-20778 alignleft\" src=\"https:\/\/www.cerege.fr\/wp-content\/uploads\/2023\/09\/Couverture_Facebook_2_FDS_2023-300x111.jpg\" alt=\"\" width=\"525\" height=\"194\" srcset=\"https:\/\/www.cerege.fr\/wp-content\/uploads\/2023\/09\/Couverture_Facebook_2_FDS_2023-300x111.jpg 300w, https:\/\/www.cerege.fr\/wp-content\/uploads\/2023\/09\/Couverture_Facebook_2_FDS_2023-1024x379.jpg 1024w, https:\/\/www.cerege.fr\/wp-content\/uploads\/2023\/09\/Couverture_Facebook_2_FDS_2023-768x284.jpg 768w, https:\/\/www.cerege.fr\/wp-content\/uploads\/2023\/09\/Couverture_Facebook_2_FDS_2023-1536x568.jpg 1536w, https:\/\/www.cerege.fr\/wp-content\/uploads\/2023\/09\/Couverture_Facebook_2_FDS_2023-18x7.jpg 18w, https:\/\/www.cerege.fr\/wp-content\/uploads\/2023\/09\/Couverture_Facebook_2_FDS_2023-1320x488.jpg 1320w, https:\/\/www.cerege.fr\/wp-content\/uploads\/2023\/09\/Couverture_Facebook_2_FDS_2023.jpg 1773w\" sizes=\"(max-width: 525px) 100vw, 525px\" \/><em>Comme chaque ann\u00e9e depuis 19 ans, le CEREGE (Centre Europ\u00e9en de recherche et d\u2019enseignement des g\u00e9osciences de l\u2019environnement) ouvre gratuitement ses portes et sa science aux scolaires et au grand public \u00e0 l\u2019occasion de la F\u00eate de la Science qui se d\u00e9roulera en France du 6 au 16 octobre 2023.<\/em><\/p>\n<p><strong>Son village des Sciences sur le Technopole de l\u2019Arbois<\/strong><br \/>\nLe jeudi 12 octobre 2023, le Village des Sciences de l\u2019Arbois, le plus grand regroupement de laboratoires travaillant dans le domaine des sciences de l\u2019environnement, accueillera avec 40 ateliers et 3 conf\u00e9rences, plus de 600 \u00e9coliers du primaire de la r\u00e9gion Sud, gr\u00e2ce \u00e0 l\u2019implication d\u2019une centaine de chercheurs, d\u2019enseignants-chercheurs, de techniciens, d\u2019ing\u00e9nieurs, de gestionnaires, de personnels du Technop\u00f4le de l\u2019Arbois et de nombreux acteurs de la communication scientifique r\u00e9gionale.<\/p>\n<p><strong>Nouvelles dates<img decoding=\"async\" class=\"size-medium wp-image-20790 alignright\" src=\"https:\/\/www.cerege.fr\/wp-content\/uploads\/2023\/09\/Fete-de-la-science-202220221013_0047-300x169.jpg\" alt=\"\" width=\"300\" height=\"169\" srcset=\"https:\/\/www.cerege.fr\/wp-content\/uploads\/2023\/09\/Fete-de-la-science-202220221013_0047-300x169.jpg 300w, https:\/\/www.cerege.fr\/wp-content\/uploads\/2023\/09\/Fete-de-la-science-202220221013_0047-1024x577.jpg 1024w, https:\/\/www.cerege.fr\/wp-content\/uploads\/2023\/09\/Fete-de-la-science-202220221013_0047-768x432.jpg 768w, https:\/\/www.cerege.fr\/wp-content\/uploads\/2023\/09\/Fete-de-la-science-202220221013_0047-1536x865.jpg 1536w, https:\/\/www.cerege.fr\/wp-content\/uploads\/2023\/09\/Fete-de-la-science-202220221013_0047-scaled.jpg 2048w, https:\/\/www.cerege.fr\/wp-content\/uploads\/2023\/09\/Fete-de-la-science-202220221013_0047-18x10.jpg 18w, https:\/\/www.cerege.fr\/wp-content\/uploads\/2023\/09\/Fete-de-la-science-202220221013_0047-1320x743.jpg 1320w\" sizes=\"(max-width: 300px) 100vw, 300px\" \/><\/strong><br \/>\nSon village s\u2019\u00e9tend cette ann\u00e9e le samedi <strong>7 octobre 2023 \u00e0 la m\u00e9diath\u00e8que de la Roque d\u2019Anth\u00e9ron<\/strong>, dans le sud Lub\u00e9ron, avec des ateliers et des conf\u00e9rences in\u00e9dites sur la th\u00e9matique de \u00ab L&#8217;eau : ressource vivante \u00bb.<br \/>\nUn \u00e9v\u00e9nement ouvert \u00e0 tous, de 14h \u00e0 19h.<br \/>\nRetrouvez \u00e9galement le CEREGE <strong>\u00e0 Venelles le samedi 14 octobre<\/strong> pour un atelier et une conf\u00e9rence sur le th\u00e8me de l&#8217;eau.<\/p>\n<p><strong>2023\u00a0: Science et sport comme th\u00e9matique nationale<\/strong><br \/>\nQu\u2019est-ce qu\u2019un chercheur, sa vie, son quotidien ? Qu\u2019est ce qui rend sa recherche qualitative\u00a0? Ce qui fait la diff\u00e9rence\u00a0?<br \/>\nOn repr\u00e9sente souvent la Recherche en blouse, entre \u00e9prouvettes, analyses et r\u00e9flexions studieuses loin des repr\u00e9sentations d\u2019explorateur au physique entrain\u00e9. Pourtant bien souvent, le chercheur doit atteindre l\u2019inaccessible et troque sa blouse pour l\u2019\u00e9quipement hyper-technique de l\u2019explorateur.<br \/>\nEn g\u00e9osciences de l\u2019environnement, les d\u00e9fis multiples bien pr\u00e9sents n\u00e9cessitent d\u2019\u00eatre pr\u00e9par\u00e9s.<br \/>\nLes acteurs de la recherche au CEREGE en t\u00e9moignent dans ce <a href=\"https:\/\/www.cerege.fr\/fr\/accueil-cerege\/focus-chercheurs-extreme\/\">focus<\/a>.<\/p>\n<p><strong><img decoding=\"async\" class=\"size-medium wp-image-20791 alignleft\" src=\"https:\/\/www.cerege.fr\/wp-content\/uploads\/2023\/09\/Fete-de-la-science-202220221013_0048-300x169.jpg\" alt=\"\" width=\"300\" height=\"169\" srcset=\"https:\/\/www.cerege.fr\/wp-content\/uploads\/2023\/09\/Fete-de-la-science-202220221013_0048-300x169.jpg 300w, https:\/\/www.cerege.fr\/wp-content\/uploads\/2023\/09\/Fete-de-la-science-202220221013_0048-1024x576.jpg 1024w, https:\/\/www.cerege.fr\/wp-content\/uploads\/2023\/09\/Fete-de-la-science-202220221013_0048-768x432.jpg 768w, https:\/\/www.cerege.fr\/wp-content\/uploads\/2023\/09\/Fete-de-la-science-202220221013_0048-1536x865.jpg 1536w, https:\/\/www.cerege.fr\/wp-content\/uploads\/2023\/09\/Fete-de-la-science-202220221013_0048-scaled.jpg 2048w, https:\/\/www.cerege.fr\/wp-content\/uploads\/2023\/09\/Fete-de-la-science-202220221013_0048-18x10.jpg 18w, https:\/\/www.cerege.fr\/wp-content\/uploads\/2023\/09\/Fete-de-la-science-202220221013_0048-1320x743.jpg 1320w\" sizes=\"(max-width: 300px) 100vw, 300px\" \/>De nombreux soutiens<br \/>\n<\/strong>Cette manifestation est pilot\u00e9e par le CEREGE (Centre Europ\u00e9en de Recherche et d\u2019Enseignement des G\u00e9osciences de l\u2019Environnement) avec les <strong>Petits D\u00e9brouillards<\/strong>, en partenariat avec le <strong>Technopole Environnement Arbois-M\u00e9diterran\u00e9e<\/strong>, l\u2019<strong>Universit\u00e9 Aix-Marseille<\/strong>, l\u2019<strong>Observatoire de Sciences de l\u2019Univers Institut Pyth\u00e9as<\/strong>, l\u2019<strong>IMBE<\/strong> (Institut M\u00e9diterran\u00e9en de Biodiversit\u00e9 et d\u2019\u00c9cologie marine et continentale), le <strong>Laboratoire Chimie Environnement<\/strong>, et le <strong>Laboratoire d\u2019Astrophysique de Marseille<\/strong> (LAM). Mais aussi les scientifiques, de l\u2019<strong>IRD<\/strong>, de l\u2019<strong>INRA\u00e9 Recover<\/strong> (Aix-en-Provence), de l\u2019<strong>Institut M\u00e9diterran\u00e9en pour la Transition Environnementale<\/strong> (ITEM), du <strong>Coll\u00e8ge de France<\/strong>, de la <strong>R\u00e9serve Naturelle de la Sainte Victoire<\/strong> et du <strong>Mus\u00e9um d\u2019Histoire Naturelle d\u2019Aix-en-Provence<\/strong>.<br \/>\nLe Village des Sciences de l\u2019Arbois est par ailleurs soutenu par la m\u00e9tropole d\u2019Aix-Marseille Provence, la <strong>FR ECCOREV<\/strong> et la <strong>R\u00e9gion Sud<\/strong>.<\/p>\n<p>Plus d\u2019infos sur la manifestation<\/p>\n<p>Contact presse : <a href=\"mailto:monnier@cerege.fr\">Leslie Monnier<\/a><br \/>\nResponsable Organisation: <a href=\"mailto:sonzogni@cerege.fr\">Corinne Sonzogni<\/a><br \/>\n@ : <a href=\"mailto:fetedelascience@cerege.fr\">fetedelascience@cerege.fr<\/a><\/p>\n<p><strong>Samedi 7 octobre, Journ\u00e9e Grand Public<\/strong><br \/>\n<em>M\u00e9diath\u00e8que de la Roque d\u2019Anth\u00e9ron<\/em><\/p>\n<p>CONF\u00c9RENCES<img loading=\"lazy\" decoding=\"async\" class=\"size-medium wp-image-20794 alignright\" src=\"https:\/\/www.cerege.fr\/wp-content\/uploads\/2023\/09\/Fete-de-la-science-202220221013_0098-300x169.jpg\" alt=\"\" width=\"300\" height=\"169\" srcset=\"https:\/\/www.cerege.fr\/wp-content\/uploads\/2023\/09\/Fete-de-la-science-202220221013_0098-300x169.jpg 300w, https:\/\/www.cerege.fr\/wp-content\/uploads\/2023\/09\/Fete-de-la-science-202220221013_0098-1024x577.jpg 1024w, https:\/\/www.cerege.fr\/wp-content\/uploads\/2023\/09\/Fete-de-la-science-202220221013_0098-768x432.jpg 768w, https:\/\/www.cerege.fr\/wp-content\/uploads\/2023\/09\/Fete-de-la-science-202220221013_0098-1536x865.jpg 1536w, https:\/\/www.cerege.fr\/wp-content\/uploads\/2023\/09\/Fete-de-la-science-202220221013_0098-scaled.jpg 2048w, https:\/\/www.cerege.fr\/wp-content\/uploads\/2023\/09\/Fete-de-la-science-202220221013_0098-18x10.jpg 18w, https:\/\/www.cerege.fr\/wp-content\/uploads\/2023\/09\/Fete-de-la-science-202220221013_0098-1320x743.jpg 1320w\" sizes=\"(max-width: 300px) 100vw, 300px\" \/><br \/>\n<strong>14h00\u00a0 <em>\u00ab\u00a0L&#8217;eau au 21\u00e8me si\u00e8cle et r\u00e9volution n\u00e9cessaire\u00a0\u00bb<\/em>,<\/strong> Nicolas ROCHE, professeur de g\u00e9nie des<br \/>\nproc\u00e9d\u00e9s (AMU), chercheur au (CEREGE \/ Institut M\u00e9diterran\u00e9en sur la Transition Environnementale).<br \/>\n<strong>17h00\u00a0 <em>\u00ab\u00a0Le phytoplancton : Histoire des prairies oc\u00e9ani<\/em><\/strong><strong><em>ques\u00a0\u00bb<\/em><\/strong>, Luc BEAUFORT, \u00e9cologiste marin et<br \/>\npal\u00e9ontologue, Directeur de Recherche au CNRS<\/p>\n<p>ATELIERS<br \/>\nLes diatom\u00e9es : de bien curieuses algues microscopiques<br \/>\nFontaine, boirai-je de ton eau r\u00e9utilis\u00e9e ?<br \/>\nLe bac \u00e0 sable \u00e0 r\u00e9alit\u00e9 augment\u00e9e<br \/>\nBioindicateurs &amp; Automatisation des traceurs du climat<\/p>\n<p><strong>Jeudi 12 octobre, Scolaires Primaires\u00a0\u00a0\u00a0 <\/strong><br \/>\n<em>Village des Sciences de l\u2019Arbois<\/em>, <em>Technopole Environnement Arbois-M\u00e9diterran\u00e9e<\/em><\/p>\n<p>CONF\u00c9RENCES<img loading=\"lazy\" decoding=\"async\" class=\"size-medium wp-image-20793 alignleft\" src=\"https:\/\/www.cerege.fr\/wp-content\/uploads\/2023\/09\/Fete-de-la-science-202220221013_0065-300x169.jpg\" alt=\"\" width=\"300\" height=\"169\" srcset=\"https:\/\/www.cerege.fr\/wp-content\/uploads\/2023\/09\/Fete-de-la-science-202220221013_0065-300x169.jpg 300w, https:\/\/www.cerege.fr\/wp-content\/uploads\/2023\/09\/Fete-de-la-science-202220221013_0065-1024x577.jpg 1024w, https:\/\/www.cerege.fr\/wp-content\/uploads\/2023\/09\/Fete-de-la-science-202220221013_0065-768x432.jpg 768w, https:\/\/www.cerege.fr\/wp-content\/uploads\/2023\/09\/Fete-de-la-science-202220221013_0065-1536x865.jpg 1536w, https:\/\/www.cerege.fr\/wp-content\/uploads\/2023\/09\/Fete-de-la-science-202220221013_0065-scaled.jpg 2048w, https:\/\/www.cerege.fr\/wp-content\/uploads\/2023\/09\/Fete-de-la-science-202220221013_0065-18x10.jpg 18w, https:\/\/www.cerege.fr\/wp-content\/uploads\/2023\/09\/Fete-de-la-science-202220221013_0065-1320x743.jpg 1320w\" sizes=\"(max-width: 300px) 100vw, 300px\" \/><\/p>\n<p>. <strong>10h<\/strong> <strong>\u00ab\u00a0<em>Le m\u00e9tier de pal\u00e9ontologue\u00a0\u00bb<\/em><\/strong>, par Yves DUTOUR, Attach\u00e9 de conservation Responsable du Mus\u00e9um d\u2019Histoire Naturelle d\u2019Aix en Provence.<br \/>\n. <strong>14h <em>\u00ab\u00a0Je mange, tu manges, il\/elle mange\u2026 quel climat et quelle biodiversit\u00e9 dans mon assiette\u00a0?\u00a0\u00bb<\/em><\/strong> par Alberte BONDEAU, Charg\u00e9e de Recherche CNRS, Institut M\u00e9diterran\u00e9en de Biodiversit\u00e9 et d&#8217;\u00c9cologie marine et continentale<\/p>\n<p>ATELIERS<\/p>\n<p>Les m\u00e9t\u00e9orites: voyage dans le syst\u00e8me solaire<br \/>\nComment savoir dans quel environnement sont apparus les premiers hommes?<br \/>\nLa roche sous le microscope<br \/>\nLes rivi\u00e8res: depuis les montagnes jusqu\u2019\u00e0 la mer<br \/>\nLes diatom\u00e9es : de bien curieuses algues microscopiques<br \/>\nLes microfossiles : t\u00e9moins des climats pass\u00e9s ou la double vie du plancton<br \/>\nLa machine \u00e0 trier les fossiles<br \/>\nLes min\u00e9raux qui nous r\u00e9v\u00e8lent l\u2019\u00e2ge des surfaces de la Terre<br \/>\nLes Dinosaures de Provence<br \/>\nLes barrages \u2013 Comment ils r\u00e9sistent \u00e0 la force de l\u2019eau ?<br \/>\nQuels sont les moteurs de la circulation oc\u00e9anique?<br \/>\nDrones pour les g\u00e9osciences<br \/>\nSols: fabrique ton sol!<br \/>\nLa pollution des sols<br \/>\nFontaine, boirai-je de ton eau r\u00e9utilis\u00e9e?<br \/>\nFaire parler les carottes!<br \/>\nAnthracologie<br \/>\nQu\u2019y a-t-il dans notre air?<br \/>\nBac \u00e0 sable en r\u00e9alit\u00e9 augment\u00e9e<br \/>\nLe magn\u00e9tisme terrestre<br \/>\nExtraction d\u2019ADN de la banane<br \/>\nLes myst\u00e8res du nano-monde: \u00e0 la d\u00e9couverte de l\u2019infiniment petit<br \/>\nLes nanoparticules: petites mais puissantes<br \/>\nHistoire de l\u2019arbre, l\u2019exemple du pin de Provence<br \/>\nVoyage au coeur d\u2019une nappe phr\u00e9atique<br \/>\nLes s\u00e9ismes et le risque sismique<br \/>\nDessine-moi un Rhabdodon<br \/>\nLes ostracodes, comme bio-indicateurs des pal\u00e9o- environnements<br \/>\nCO2<br \/>\nTectonique des plaques<br \/>\nFresque du climat junior<br \/>\nSciences au F\u00e9minin<br \/>\nPhoto Booth<br \/>\nFossiles en Provence<br \/>\nVoyage au c\u0153ur du bois<br \/>\nA la recherche de la f\u00e9e bleue<br \/>\nLa Croix Rouge<br \/>\n\u00c0 la d\u00e9couverte des oiseaux de la r\u00e9gion Sud-PACA<br \/>\nSpace Guardians<br \/>\nLes microplastiques<br \/>\nLe v\u00e9lo producteur d\u2019\u00e9nergie<\/p>\n<p><strong><br \/>\nSamedi 14 octobre, Tous publics<br \/>\n<\/strong><em>Venelles, MJC et place Trucy<\/em><\/p>\n<p>13h30 \u00e0 15h30 atelier, place de la Mairie (Marius Trucy)<br \/>\n<em>Les usages domestiques de l&#8217;eau, <\/em>par Alain Veron<\/p>\n<p>15h45\/16h45 : Conf\u00e9rence <em>L\u2019eau: enjeux et risques sanitaires<\/em> par Alain Veron<br \/>\nMJC, 2 all\u00e9e de la Roberte<\/p>\n<p>Cette conf\u00e9rence expose les risques toxiques associ\u00e9s \u00e0 la consommation d&#8217;eau et qui r\u00e9sultent de perturbations industrielles ou naturelles en pr\u00e9sentant des exemples historiques de l&#8217;\u00e9mergence de pathog\u00e8nes chimiques et biologiques, et ce de fa\u00e7on pluridisciplinaire.<\/p>\n<p><a href=\"https:\/\/www.mjc-venelles.org\/evenement\/la-fete-de-la-science-2\/\" target=\"_blank\" rel=\"noopener\">Pour plus d&#8217;infos<\/a><\/p>\n","protected":false},"excerpt":{"rendered":"<p>&nbsp; Comme chaque ann\u00e9e depuis 19 ans, le CEREGE (Centre Europ\u00e9en de recherche et d\u2019enseignement des g\u00e9osciences de l\u2019environnement) ouvre gratuitement ses portes et sa science aux scolaires et au [&hellip;]<\/p>\n","protected":false},"author":551,"featured_media":20780,"comment_status":"closed","ping_status":"closed","sticky":false,"template":"","format":"standard","meta":{"_acf_changed":false,"footnotes":""},"categories":[19],"tags":[],"class_list":["post-20776","post","type-post","status-publish","format-standard","has-post-thumbnail","hentry","category-archive"],"acf":[],"publishpress_future_action":{"enabled":false,"date":"2026-05-04 10:17:53","action":"change-status","newStatus":"draft","terms":[],"taxonomy":"category","extraData":[]},"publishpress_future_workflow_manual_trigger":{"enabledWorkflows":[]},"_links":{"self":[{"href":"https:\/\/www.cerege.fr\/fr\/wp-json\/wp\/v2\/posts\/20776","targetHints":{"allow":["GET"]}}],"collection":[{"href":"https:\/\/www.cerege.fr\/fr\/wp-json\/wp\/v2\/posts"}],"about":[{"href":"https:\/\/www.cerege.fr\/fr\/wp-json\/wp\/v2\/types\/post"}],"author":[{"embeddable":true,"href":"https:\/\/www.cerege.fr\/fr\/wp-json\/wp\/v2\/users\/551"}],"replies":[{"embeddable":true,"href":"https:\/\/www.cerege.fr\/fr\/wp-json\/wp\/v2\/comments?post=20776"}],"version-history":[{"count":5,"href":"https:\/\/www.cerege.fr\/fr\/wp-json\/wp\/v2\/posts\/20776\/revisions"}],"predecessor-version":[{"id":20965,"href":"https:\/\/www.cerege.fr\/fr\/wp-json\/wp\/v2\/posts\/20776\/revisions\/20965"}],"wp:featuredmedia":[{"embeddable":true,"href":"https:\/\/www.cerege.fr\/fr\/wp-json\/wp\/v2\/media\/20780"}],"wp:attachment":[{"href":"https:\/\/www.cerege.fr\/fr\/wp-json\/wp\/v2\/media?parent=20776"}],"wp:term":[{"taxonomy":"category","embeddable":true,"href":"https:\/\/www.cerege.fr\/fr\/wp-json\/wp\/v2\/categories?post=20776"},{"taxonomy":"post_tag","embeddable":true,"href":"https:\/\/www.cerege.fr\/fr\/wp-json\/wp\/v2\/tags?post=20776"}],"curies":[{"name":"wp","href":"https:\/\/api.w.org\/{rel}","templated":true}]}}