{"id":27993,"date":"2025-09-01T15:32:19","date_gmt":"2025-09-01T13:32:19","guid":{"rendered":"https:\/\/www.cerege.fr\/?p=27993"},"modified":"2025-10-22T16:41:52","modified_gmt":"2025-10-22T14:41:52","slug":"30-ans-du-cerege-celebration-science-et-partage","status":"publish","type":"post","link":"https:\/\/www.cerege.fr\/fr\/30-ans-du-cerege-celebration-science-et-partage\/","title":{"rendered":"30 ans du CEREGE : c\u00e9l\u00e9bration, science et partage"},"content":{"rendered":"\t\t<div data-elementor-type=\"wp-post\" data-elementor-id=\"27993\" class=\"elementor elementor-27993\" data-elementor-post-type=\"post\">\n\t\t\t\t\t\t<section class=\"elementor-section elementor-top-section elementor-element elementor-element-42ac496 elementor-section-boxed elementor-section-height-default elementor-section-height-default\" data-id=\"42ac496\" data-element_type=\"section\" data-e-type=\"section\">\n\t\t\t\t\t\t<div class=\"elementor-container elementor-column-gap-default\">\n\t\t\t\t\t<div class=\"elementor-column elementor-col-100 elementor-top-column elementor-element elementor-element-4751bff\" data-id=\"4751bff\" data-element_type=\"column\" data-e-type=\"column\">\n\t\t\t<div class=\"elementor-widget-wrap elementor-element-populated\">\n\t\t\t\t\t\t<div class=\"elementor-element elementor-element-074abdb elementor-widget elementor-widget-text-editor\" data-id=\"074abdb\" data-element_type=\"widget\" data-e-type=\"widget\" data-widget_type=\"text-editor.default\">\n\t\t\t\t<div class=\"elementor-widget-container\">\n\t\t\t\t\t\t\t\t\t<p class=\"p1\"><strong>Fin ao\u00fbt 2025, le CEREGE a c\u00e9l\u00e9br\u00e9 ses 30 ans avec une semaine riche en rencontres scientifiques, \u00e9changes, expositions et festivit\u00e9s. Ces trois journ\u00e9es ont offert un reflet unique du r\u00f4le du laboratoire dans le paysage des g\u00e9osciences, de son engagement pour la soci\u00e9t\u00e9 et de son dynamisme interdisciplinaire.<\/strong><\/p>\t\t\t\t\t\t\t\t<\/div>\n\t\t\t\t<\/div>\n\t\t\t\t<div class=\"elementor-element elementor-element-8e8af24 elementor--h-position-center elementor--v-position-middle elementor-arrows-position-inside elementor-pagination-position-inside elementor-widget elementor-widget-slides\" data-id=\"8e8af24\" data-element_type=\"widget\" data-e-type=\"widget\" data-settings=\"{&quot;navigation&quot;:&quot;both&quot;,&quot;autoplay&quot;:&quot;yes&quot;,&quot;pause_on_hover&quot;:&quot;yes&quot;,&quot;pause_on_interaction&quot;:&quot;yes&quot;,&quot;autoplay_speed&quot;:5000,&quot;infinite&quot;:&quot;yes&quot;,&quot;transition&quot;:&quot;slide&quot;,&quot;transition_speed&quot;:500}\" data-widget_type=\"slides.default\">\n\t\t\t\t<div class=\"elementor-widget-container\">\n\t\t\t\t\t\t\t\t\t<div class=\"elementor-swiper\">\n\t\t\t\t\t<div class=\"elementor-slides-wrapper elementor-main-swiper swiper\" role=\"region\" aria-roledescription=\"carousel\" aria-label=\"Diapositives\" dir=\"ltr\" data-animation=\"fadeInUp\">\n\t\t\t\t<div class=\"swiper-wrapper elementor-slides\">\n\t\t\t\t\t\t\t\t\t\t<div class=\"elementor-repeater-item-b8faccb swiper-slide\" role=\"group\" aria-roledescription=\"slide\"><div class=\"swiper-slide-bg\" role=\"img\" aria-label=\"30 ans\"><\/div><div class=\"swiper-slide-inner\" ><div class=\"swiper-slide-contents\"><\/div><\/div><\/div><div class=\"elementor-repeater-item-d58b112 swiper-slide\" role=\"group\" aria-roledescription=\"slide\"><div class=\"swiper-slide-bg\" role=\"img\" aria-label=\"F\u00eate des 30 ans du CEREGE\"><\/div><div class=\"swiper-slide-inner\" ><div class=\"swiper-slide-contents\"><\/div><\/div><\/div><div class=\"elementor-repeater-item-ba674a5 swiper-slide\" role=\"group\" aria-roledescription=\"slide\"><div class=\"swiper-slide-bg\" role=\"img\" aria-label=\"amphith\u00e9\u00e2tre - comm\u00e9moration des 30 ans du cerege\"><\/div><div class=\"swiper-slide-inner\" ><div class=\"swiper-slide-contents\"><\/div><\/div><\/div><div class=\"elementor-repeater-item-4f4ee8f swiper-slide\" role=\"group\" aria-roledescription=\"slide\"><div class=\"swiper-slide-bg\" role=\"img\" aria-label=\"F\u00eate des 30 ans - TRIO SONEROS DEL CARIBE\"><\/div><div class=\"swiper-slide-inner\" ><div class=\"swiper-slide-contents\"><\/div><\/div><\/div><div class=\"elementor-repeater-item-aa815fa swiper-slide\" role=\"group\" aria-roledescription=\"slide\"><div class=\"swiper-slide-bg\" role=\"img\" aria-label=\"Table ronde - 30 ans\"><\/div><div class=\"swiper-slide-inner\" ><div class=\"swiper-slide-contents\"><\/div><\/div><\/div>\t\t\t\t<\/div>\n\t\t\t\t\t\t\t\t\t\t\t\t\t\t\t<div class=\"elementor-swiper-button elementor-swiper-button-prev\" role=\"button\" tabindex=\"0\" aria-label=\"Diapositive pr\u00e9c\u00e9dente\">\n\t\t\t\t\t\t\t<i aria-hidden=\"true\" class=\"eicon-chevron-left\"><\/i>\t\t\t\t\t\t<\/div>\n\t\t\t\t\t\t<div class=\"elementor-swiper-button elementor-swiper-button-next\" role=\"button\" tabindex=\"0\" aria-label=\"Diapositive suivante\">\n\t\t\t\t\t\t\t<i aria-hidden=\"true\" class=\"eicon-chevron-right\"><\/i>\t\t\t\t\t\t<\/div>\n\t\t\t\t\t\t\t\t\t\t\t\t\t\t\t\t<div class=\"swiper-pagination\"><\/div>\n\t\t\t\t\t\t\t\t\t\t\t\t<\/div>\n\t\t\t\t<\/div>\n\t\t\t\t\t\t\t\t<\/div>\n\t\t\t\t<\/div>\n\t\t\t\t<div class=\"elementor-element elementor-element-cfd9cb9 elementor-widget elementor-widget-text-editor\" data-id=\"cfd9cb9\" data-element_type=\"widget\" data-e-type=\"widget\" data-widget_type=\"text-editor.default\">\n\t\t\t\t<div class=\"elementor-widget-container\">\n\t\t\t\t\t\t\t\t\t<p>\u00a9&nbsp;<a href=\"https:\/\/www.cerege.fr\/fr\/cerege\/jules-fleury\/\">Jules Fleury<\/a> et <a href=\"https:\/\/www.cerege.fr\/fr\/cerege\/lucas-longour\/\">Lucas Longour<\/a><\/p>\t\t\t\t\t\t\t\t<\/div>\n\t\t\t\t<\/div>\n\t\t\t\t<div class=\"elementor-element elementor-element-0d7d0f9 elementor-widget-divider--view-line elementor-widget elementor-widget-divider\" data-id=\"0d7d0f9\" data-element_type=\"widget\" data-e-type=\"widget\" data-widget_type=\"divider.default\">\n\t\t\t\t<div class=\"elementor-widget-container\">\n\t\t\t\t\t\t\t<div class=\"elementor-divider\">\n\t\t\t<span class=\"elementor-divider-separator\">\n\t\t\t\t\t\t<\/span>\n\t\t<\/div>\n\t\t\t\t\t\t<\/div>\n\t\t\t\t<\/div>\n\t\t\t\t<div class=\"elementor-element elementor-element-55b2979 elementor-widget elementor-widget-heading\" data-id=\"55b2979\" data-element_type=\"widget\" data-e-type=\"widget\" data-widget_type=\"heading.default\">\n\t\t\t\t<div class=\"elementor-widget-container\">\n\t\t\t\t\t<h2 class=\"elementor-heading-title elementor-size-default\">Deux jours de symposium interdisciplinaire<\/h2>\t\t\t\t<\/div>\n\t\t\t\t<\/div>\n\t\t\t\t<div class=\"elementor-element elementor-element-7d68463 elementor-widget elementor-widget-text-editor\" data-id=\"7d68463\" data-element_type=\"widget\" data-e-type=\"widget\" data-widget_type=\"text-editor.default\">\n\t\t\t\t<div class=\"elementor-widget-container\">\n\t\t\t\t\t\t\t\t\t<p class=\"p1\">Le 26 et 27 ao\u00fbt, le campus de l&#8217;Arbois du CEREGE a accueilli un <span class=\"s1\">symposium interdisciplinaire<\/span>, r\u00e9unissant chercheurs et chercheuses venus de France et de l\u2019\u00e9tranger. Cette rencontre, \u00e0 la fois point de convergence et vitrine de l\u2019excellence scientifique du laboratoire, a m\u00eal\u00e9 sessions pl\u00e9ni\u00e8res, \u00e9changes informels et moments conviviaux.<\/p>\t\t\t\t\t\t\t\t<\/div>\n\t\t\t\t<\/div>\n\t\t\t\t<section class=\"elementor-section elementor-inner-section elementor-element elementor-element-c082c8d elementor-section-boxed elementor-section-height-default elementor-section-height-default\" data-id=\"c082c8d\" data-element_type=\"section\" data-e-type=\"section\">\n\t\t\t\t\t\t<div class=\"elementor-container elementor-column-gap-default\">\n\t\t\t\t\t<div class=\"elementor-column elementor-col-50 elementor-inner-column elementor-element elementor-element-61edf02\" data-id=\"61edf02\" data-element_type=\"column\" data-e-type=\"column\">\n\t\t\t<div class=\"elementor-widget-wrap elementor-element-populated\">\n\t\t\t\t\t\t<div class=\"elementor-element elementor-element-43e00ec elementor-widget elementor-widget-image\" data-id=\"43e00ec\" data-element_type=\"widget\" data-e-type=\"widget\" data-widget_type=\"image.default\">\n\t\t\t\t<div class=\"elementor-widget-container\">\n\t\t\t\t\t\t\t\t\t\t\t\t\t\t\t<img decoding=\"async\" src=\"https:\/\/www.cerege.fr\/wp-content\/uploads\/2025\/09\/Programme.svg\" title=\"\" alt=\"30 ans\" loading=\"lazy\" \/>\t\t\t\t\t\t\t\t\t\t\t\t\t\t\t<\/div>\n\t\t\t\t<\/div>\n\t\t\t\t\t<\/div>\n\t\t<\/div>\n\t\t\t\t<div class=\"elementor-column elementor-col-50 elementor-inner-column elementor-element elementor-element-3ec431b\" data-id=\"3ec431b\" data-element_type=\"column\" data-e-type=\"column\">\n\t\t\t<div class=\"elementor-widget-wrap elementor-element-populated\">\n\t\t\t\t\t\t<div class=\"elementor-element elementor-element-610bfb4 elementor-widget elementor-widget-text-editor\" data-id=\"610bfb4\" data-element_type=\"widget\" data-e-type=\"widget\" data-widget_type=\"text-editor.default\">\n\t\t\t\t<div class=\"elementor-widget-container\">\n\t\t\t\t\t\t\t\t\t<p class=\"p1\">Le premier jour du symposium s\u2019est ouvert par un discours de <a href=\"https:\/\/www.cerege.fr\/fr\/cerege\/lucilla-benedetti\/\"><span class=\"s2\">Lucilla Benedetti<\/span><\/a>, directrice actuelle du CEREGE. Elle y a expos\u00e9 sa vision pour l\u2019avenir du laboratoire, en soulignant l\u2019importance que cette orientation s\u2019inscrive dans la continuit\u00e9 de ses trente ann\u00e9es d\u2019existence. Dans la foul\u00e9e, <a href=\"https:\/\/www.cerege.fr\/fr\/cerege\/edouard-bard\/\"><span class=\"s2\">\u00c9douard Bard<\/span><\/a> a propos\u00e9 une r\u00e9trospective historique retra\u00e7ant la gen\u00e8se du CEREGE, depuis ses origines jusqu\u2019\u00e0 son installation dans les murs d\u2019un ancien sanatorium. Ensemble, ces interventions ont pos\u00e9 un cadre \u00e0 la fois m\u00e9moriel et prospectif, rappelant l\u2019identit\u00e9 forg\u00e9e au fil des d\u00e9cennies tout en ouvrant sur les horizons \u00e0 venir.<\/p><p class=\"p1\">Les sessions scientifiques ont ensuite permis de revisiter quelques-unes des grandes questions de la g\u00e9oscience contemporaine : la compr\u00e9hension de la <em><span class=\"s2\">Critical Zone<\/span><\/em>, le <span class=\"s2\">calibrage des mod\u00e8les climatiques<\/span> \u00e0 partir de donn\u00e9es pal\u00e9oclimatiques, le r\u00f4le des <span class=\"s2\">sols dans l\u2019adaptation au changement climatique<\/span>, ou encore l\u2019\u00e9tude des <span class=\"s2\">s\u00e9diments anciens<\/span> et de l\u2019<span class=\"s2\">ADN s\u00e9dimentaire<\/span>. Parmi les intervenant\u00b7es marquants de cette premi\u00e8re journ\u00e9e figuraient J\u00e9r\u00f4me Gaillardet, Myriam Khodri, Claire Chenu, Mark Wiesner, St\u00e9phane Calmant et Ana Prohaska.<\/p><p class=\"p1\">Le deuxi\u00e8me jour, l\u2019attention s\u2019est d\u00e9plac\u00e9e vers d\u2019autres champs de recherche, de l\u2019<span class=\"s2\">oc\u00e9an<\/span> aux <span class=\"s2\">paysages<\/span>, en passant par la <span class=\"s2\">pal\u00e9oanthropologie<\/span> et m\u00eame l\u2019<span class=\"s2\">exploration spatiale<\/span>. Laurent Bopp, Rosalind Rickaby, Allistair Seddon, Bruno Maureille, Carole Petit, Joerg Schaefer, Mioara Mandea et Sanjeev Gupta ont partag\u00e9 leurs perspectives sur la biog\u00e9ochimie marine, l\u2019\u00e9volution des paysages, les interactions entre climat et glaciers, la dynamique du champ magn\u00e9tique terrestre et l\u2019aventure martienne.<\/p>\t\t\t\t\t\t\t\t<\/div>\n\t\t\t\t<\/div>\n\t\t\t\t\t<\/div>\n\t\t<\/div>\n\t\t\t\t\t<\/div>\n\t\t<\/section>\n\t\t\t\t<div class=\"elementor-element elementor-element-8247e25 elementor-widget elementor-widget-text-editor\" data-id=\"8247e25\" data-element_type=\"widget\" data-e-type=\"widget\" data-widget_type=\"text-editor.default\">\n\t\t\t\t<div class=\"elementor-widget-container\">\n\t\t\t\t\t\t\t\t\t<p>Chaque session a ainsi \u00e9t\u00e9 l\u2019occasion d\u2019un double mouvement : d\u2019un c\u00f4t\u00e9, un approfondissement scientifique rigoureux ; de l\u2019autre, une ouverture interdisciplinaire, qui a donn\u00e9 corps \u00e0 l\u2019id\u00e9e que la recherche ne peut se penser isol\u00e9ment. Les grands enjeux environnementaux appellent des regards crois\u00e9s et des d\u00e9marches collectives, ce que ce symposium a incarn\u00e9 avec force.<\/p>\t\t\t\t\t\t\t\t<\/div>\n\t\t\t\t<\/div>\n\t\t\t\t<div class=\"elementor-element elementor-element-f010670 elementor-widget-divider--view-line elementor-widget elementor-widget-divider\" data-id=\"f010670\" data-element_type=\"widget\" data-e-type=\"widget\" data-widget_type=\"divider.default\">\n\t\t\t\t<div class=\"elementor-widget-container\">\n\t\t\t\t\t\t\t<div class=\"elementor-divider\">\n\t\t\t<span class=\"elementor-divider-separator\">\n\t\t\t\t\t\t<\/span>\n\t\t<\/div>\n\t\t\t\t\t\t<\/div>\n\t\t\t\t<\/div>\n\t\t\t\t<div class=\"elementor-element elementor-element-84d2861 elementor-widget elementor-widget-heading\" data-id=\"84d2861\" data-element_type=\"widget\" data-e-type=\"widget\" data-widget_type=\"heading.default\">\n\t\t\t\t<div class=\"elementor-widget-container\">\n\t\t\t\t\t<h2 class=\"elementor-heading-title elementor-size-default\">La comm\u00e9moration officielle : dialogue, engagement et perspectives<\/h2>\t\t\t\t<\/div>\n\t\t\t\t<\/div>\n\t\t\t\t<div class=\"elementor-element elementor-element-13c41a2 elementor-widget elementor-widget-text-editor\" data-id=\"13c41a2\" data-element_type=\"widget\" data-e-type=\"widget\" data-widget_type=\"text-editor.default\">\n\t\t\t\t<div class=\"elementor-widget-container\">\n\t\t\t\t\t\t\t\t\t<p class=\"p1\">Le 29 ao\u00fbt, partenaires institutionnels, tutelles, \u00e9lus et acteurs locaux ont c\u00e9l\u00e9br\u00e9 officiellement les 30 ans du laboratoire. La matin\u00e9e a commenc\u00e9 par des <span class=\"s1\">discours officiels<\/span> de <a href=\"https:\/\/www.cerege.fr\/fr\/cerege\/lucilla-benedetti\/\">Lucilla Benedetti<\/a> et <a href=\"https:\/\/www.cerege.fr\/fr\/cerege\/daniel-nahon\/\">Daniel Nahon<\/a>, Arnaud Mercier (M\u00e9tropole Aix-Marseille) et des repr\u00e9sentants des cinq tutelles. Daniel Nahon a marqu\u00e9 les esprits avec sa phrase : <i>\u00ab Penser en scientifique et agir en citoyen \u00bb<\/i>, rappelant que la recherche s\u2019inscrit dans une responsabilit\u00e9 collective et soci\u00e9tale.<\/p><p class=\"p1\">La table ronde <i>\u00ab Paroles de science(s) : quelles recherches pour affronter les crises et penser l\u2019avenir ? \u00bb<\/i>, anim\u00e9e par Maud Dev\u00e8s et r\u00e9unissant Nathalie Blanc, Claudie Haigner\u00e9, <a href=\"https:\/\/www.cerege.fr\/fr\/cerege\/alexis-licht\/\">Alexis Licht<\/a> et <a href=\"https:\/\/www.cerege.fr\/fr\/cerege\/nicolas-roche\/\">Nicolas Roche<\/a>, a prolong\u00e9 cette r\u00e9flexion. Elle a interrog\u00e9 le r\u00f4le des sciences dans un monde travers\u00e9 par des crises multiples. Plus largement, les \u00e9changes ont mis en \u00e9vidence que la transition \u00e9cologique ne se vit pas de la m\u00eame mani\u00e8re selon les groupes sociaux, et que l\u2019action scientifique doit tenir compte de cette diversit\u00e9 de r\u00e9alit\u00e9s et de capacit\u00e9s d\u2019engagement.<\/p><p class=\"p1\">En cl\u00f4ture, la fresque murale <i>\u00ab Space &amp; Time \u00bb<\/i> de Hitnes a \u00e9t\u00e9 inaugur\u00e9e lors du cocktail. Monumentale par ses 124 m\u00b2, cette \u0153uvre d\u00e9sormais permanente symbolise les \u00e9chelles spatiales et temporelles sur lesquels portent les recherches du CEREGE.<\/p>\t\t\t\t\t\t\t\t<\/div>\n\t\t\t\t<\/div>\n\t\t\t\t<div class=\"elementor-element elementor-element-d77bd73 elementor-widget-divider--view-line elementor-widget elementor-widget-divider\" data-id=\"d77bd73\" data-element_type=\"widget\" data-e-type=\"widget\" data-widget_type=\"divider.default\">\n\t\t\t\t<div class=\"elementor-widget-container\">\n\t\t\t\t\t\t\t<div class=\"elementor-divider\">\n\t\t\t<span class=\"elementor-divider-separator\">\n\t\t\t\t\t\t<\/span>\n\t\t<\/div>\n\t\t\t\t\t\t<\/div>\n\t\t\t\t<\/div>\n\t\t\t\t<div class=\"elementor-element elementor-element-3723387 elementor-widget elementor-widget-heading\" data-id=\"3723387\" data-element_type=\"widget\" data-e-type=\"widget\" data-widget_type=\"heading.default\">\n\t\t\t\t<div class=\"elementor-widget-container\">\n\t\t\t\t\t<h2 class=\"elementor-heading-title elementor-size-default\">Revivez les conf\u00e9rences du symposium et la table ronde  !<\/h2>\t\t\t\t<\/div>\n\t\t\t\t<\/div>\n\t\t\t\t<section class=\"elementor-section elementor-inner-section elementor-element elementor-element-b001131 elementor-section-boxed elementor-section-height-default elementor-section-height-default\" data-id=\"b001131\" data-element_type=\"section\" data-e-type=\"section\">\n\t\t\t\t\t\t<div class=\"elementor-container elementor-column-gap-default\">\n\t\t\t\t\t<div class=\"elementor-column elementor-col-50 elementor-inner-column elementor-element elementor-element-11d3773\" data-id=\"11d3773\" data-element_type=\"column\" data-e-type=\"column\">\n\t\t\t<div class=\"elementor-widget-wrap elementor-element-populated\">\n\t\t\t\t\t\t<div class=\"elementor-element elementor-element-19b6955 elementor-align-center elementor-widget elementor-widget-button\" data-id=\"19b6955\" data-element_type=\"widget\" data-e-type=\"widget\" data-widget_type=\"button.default\">\n\t\t\t\t<div class=\"elementor-widget-container\">\n\t\t\t\t\t\t\t\t\t<div class=\"elementor-button-wrapper\">\n\t\t\t\t\t<a class=\"elementor-button elementor-button-link elementor-size-sm\" href=\"https:\/\/www.youtube.com\/playlist?list=PL2R4kNOpX546myPq4Fjh8adKxLdaZPQYF\" target=\"_blank\" rel=\"noopener\">\n\t\t\t\t\t\t<span class=\"elementor-button-content-wrapper\">\n\t\t\t\t\t\t\t\t\t<span class=\"elementor-button-text\">Voir la rediffusion du symposium<\/span>\n\t\t\t\t\t<\/span>\n\t\t\t\t\t<\/a>\n\t\t\t\t<\/div>\n\t\t\t\t\t\t\t\t<\/div>\n\t\t\t\t<\/div>\n\t\t\t\t\t<\/div>\n\t\t<\/div>\n\t\t\t\t<div class=\"elementor-column elementor-col-50 elementor-inner-column elementor-element elementor-element-1bcb774\" data-id=\"1bcb774\" data-element_type=\"column\" data-e-type=\"column\">\n\t\t\t<div class=\"elementor-widget-wrap elementor-element-populated\">\n\t\t\t\t\t\t<div class=\"elementor-element elementor-element-a6a58eb elementor-align-center elementor-widget elementor-widget-button\" data-id=\"a6a58eb\" data-element_type=\"widget\" data-e-type=\"widget\" data-widget_type=\"button.default\">\n\t\t\t\t<div class=\"elementor-widget-container\">\n\t\t\t\t\t\t\t\t\t<div class=\"elementor-button-wrapper\">\n\t\t\t\t\t<a class=\"elementor-button elementor-button-link elementor-size-sm\" href=\"https:\/\/www.youtube.com\/playlist?list=PL2R4kNOpX5454W3ntEQN4-Rspoclqb9sm\" target=\"_blank\" rel=\"noopener\">\n\t\t\t\t\t\t<span class=\"elementor-button-content-wrapper\">\n\t\t\t\t\t\t\t\t\t<span class=\"elementor-button-text\">Voir la rediffusion de la table ronde<\/span>\n\t\t\t\t\t<\/span>\n\t\t\t\t\t<\/a>\n\t\t\t\t<\/div>\n\t\t\t\t\t\t\t\t<\/div>\n\t\t\t\t<\/div>\n\t\t\t\t\t<\/div>\n\t\t<\/div>\n\t\t\t\t\t<\/div>\n\t\t<\/section>\n\t\t\t\t<div class=\"elementor-element elementor-element-6e748cc elementor-widget-divider--view-line elementor-widget elementor-widget-divider\" data-id=\"6e748cc\" data-element_type=\"widget\" data-e-type=\"widget\" data-widget_type=\"divider.default\">\n\t\t\t\t<div class=\"elementor-widget-container\">\n\t\t\t\t\t\t\t<div class=\"elementor-divider\">\n\t\t\t<span class=\"elementor-divider-separator\">\n\t\t\t\t\t\t<\/span>\n\t\t<\/div>\n\t\t\t\t\t\t<\/div>\n\t\t\t\t<\/div>\n\t\t\t\t<div class=\"elementor-element elementor-element-062a42d elementor-widget elementor-widget-heading\" data-id=\"062a42d\" data-element_type=\"widget\" data-e-type=\"widget\" data-widget_type=\"heading.default\">\n\t\t\t\t<div class=\"elementor-widget-container\">\n\t\t\t\t\t<h2 class=\"elementor-heading-title elementor-size-default\">Expositions et engagements scientifiques<\/h2>\t\t\t\t<\/div>\n\t\t\t\t<\/div>\n\t\t\t\t<div class=\"elementor-element elementor-element-28987df elementor-widget elementor-widget-text-editor\" data-id=\"28987df\" data-element_type=\"widget\" data-e-type=\"widget\" data-widget_type=\"text-editor.default\">\n\t\t\t\t<div class=\"elementor-widget-container\">\n\t\t\t\t\t\t\t\t\t<p class=\"p1\">Tout au long des c\u00e9l\u00e9brations, deux expositions sont venues enrichir la d\u00e9couverte du CEREGE.<\/p><ul><li class=\"p1\">La premi\u00e8re, une <a href=\"https:\/\/www.cerege.fr\/fr\/le-cerege\/frise-temporelle\/\">frise chronologique<\/a> con\u00e7ue sous la direction de Bruno Hamelin, retrace 30 ans de recherches et d\u2019innovations et restera d\u00e9sormais visible en permanence au laboratoire.<\/li><li class=\"p1\">La seconde mettait \u00e0 l\u2019honneur les doctorants, qui ont pr\u00e9sent\u00e9 leurs travaux sous forme d\u2019affiches d\u00e9tournant les codes du cin\u00e9ma, m\u00ealant humour et sciences.<\/li><\/ul><p class=\"p1\">Ces dispositifs illustrent la place centrale accord\u00e9e \u00e0 la valorisation de la recherche, \u00e0 la transmission des savoirs et \u00e0 la mise en lumi\u00e8re des jeunes scientifiques \u2014 v\u00e9ritables forces vives et avenir du CEREGE.<\/p>\t\t\t\t\t\t\t\t<\/div>\n\t\t\t\t<\/div>\n\t\t\t\t<div class=\"elementor-element elementor-element-bfb9701 elementor-widget-divider--view-line elementor-widget elementor-widget-divider\" data-id=\"bfb9701\" data-element_type=\"widget\" data-e-type=\"widget\" data-widget_type=\"divider.default\">\n\t\t\t\t<div class=\"elementor-widget-container\">\n\t\t\t\t\t\t\t<div class=\"elementor-divider\">\n\t\t\t<span class=\"elementor-divider-separator\">\n\t\t\t\t\t\t<\/span>\n\t\t<\/div>\n\t\t\t\t\t\t<\/div>\n\t\t\t\t<\/div>\n\t\t\t\t<div class=\"elementor-element elementor-element-23e2097 elementor-widget elementor-widget-heading\" data-id=\"23e2097\" data-element_type=\"widget\" data-e-type=\"widget\" data-widget_type=\"heading.default\">\n\t\t\t\t<div class=\"elementor-widget-container\">\n\t\t\t\t\t<h2 class=\"elementor-heading-title elementor-size-default\">Vers l\u2019avenir : science et soci\u00e9t\u00e9<\/h2>\t\t\t\t<\/div>\n\t\t\t\t<\/div>\n\t\t\t\t<div class=\"elementor-element elementor-element-5d8b371 elementor-widget elementor-widget-text-editor\" data-id=\"5d8b371\" data-element_type=\"widget\" data-e-type=\"widget\" data-widget_type=\"text-editor.default\">\n\t\t\t\t<div class=\"elementor-widget-container\">\n\t\t\t\t\t\t\t\t\t<p class=\"p1\">Depuis 1995, le CEREGE d\u00e9veloppe une <span class=\"s1\">recherche de pointe<\/span> sur les grands enjeux environnementaux : climat, eau, ressources, pollutions, risques naturels et mat\u00e9riaux critiques. Rattach\u00e9 \u00e0 Aix-Marseille Universit\u00e9, au CNRS, \u00e0 l\u2019IRD, \u00e0 INRAE et au Coll\u00e8ge de France, le laboratoire rassemble aujourd\u2019hui plus de 200 membres et b\u00e9n\u00e9ficie d\u2019un rayonnement national et international.<\/p><p class=\"p1\">Ces 30 ans ont \u00e9t\u00e9 l\u2019occasion de c\u00e9l\u00e9brer une \u00a0, mais aussi de rappeler que la recherche est un engagement : pr\u00e9parer l\u2019avenir avec et pour la soci\u00e9t\u00e9, r\u00e9pondre aux crises environnementales, nourrir les d\u00e9bats et former les scientifiques de demain.<\/p>\t\t\t\t\t\t\t\t<\/div>\n\t\t\t\t<\/div>\n\t\t\t\t<div class=\"elementor-element elementor-element-c499b65 elementor-widget-divider--view-line elementor-widget elementor-widget-divider\" data-id=\"c499b65\" data-element_type=\"widget\" data-e-type=\"widget\" data-widget_type=\"divider.default\">\n\t\t\t\t<div class=\"elementor-widget-container\">\n\t\t\t\t\t\t\t<div class=\"elementor-divider\">\n\t\t\t<span class=\"elementor-divider-separator\">\n\t\t\t\t\t\t<\/span>\n\t\t<\/div>\n\t\t\t\t\t\t<\/div>\n\t\t\t\t<\/div>\n\t\t\t\t<div class=\"elementor-element elementor-element-f5d6790 elementor-widget elementor-widget-heading\" data-id=\"f5d6790\" data-element_type=\"widget\" data-e-type=\"widget\" data-widget_type=\"heading.default\">\n\t\t\t\t<div class=\"elementor-widget-container\">\n\t\t\t\t\t<h2 class=\"elementor-heading-title elementor-size-default\">On parle de nous dans les m\u00e9dias<\/h2>\t\t\t\t<\/div>\n\t\t\t\t<\/div>\n\t\t\t\t<section class=\"elementor-section elementor-inner-section elementor-element elementor-element-6175983 elementor-section-boxed elementor-section-height-default elementor-section-height-default\" data-id=\"6175983\" data-element_type=\"section\" data-e-type=\"section\">\n\t\t\t\t\t\t<div class=\"elementor-container elementor-column-gap-default\">\n\t\t\t\t\t<div class=\"elementor-column elementor-col-50 elementor-inner-column elementor-element elementor-element-6029ef7\" data-id=\"6029ef7\" data-element_type=\"column\" data-e-type=\"column\">\n\t\t\t<div class=\"elementor-widget-wrap elementor-element-populated\">\n\t\t\t\t\t\t<div class=\"elementor-element elementor-element-a879534 elementor-widget elementor-widget-image\" data-id=\"a879534\" data-element_type=\"widget\" data-e-type=\"widget\" data-widget_type=\"image.default\">\n\t\t\t\t<div class=\"elementor-widget-container\">\n\t\t\t\t\t\t\t\t\t\t\t\t\t\t\t<img fetchpriority=\"high\" decoding=\"async\" width=\"724\" height=\"1024\" src=\"https:\/\/www.cerege.fr\/wp-content\/uploads\/2025\/09\/Screenshot_20250901_055005_Cafeyn-724x1024.jpg\" class=\"attachment-large size-large wp-image-27996\" alt=\"\" srcset=\"https:\/\/www.cerege.fr\/wp-content\/uploads\/2025\/09\/Screenshot_20250901_055005_Cafeyn-724x1024.jpg 724w, https:\/\/www.cerege.fr\/wp-content\/uploads\/2025\/09\/Screenshot_20250901_055005_Cafeyn-212x300.jpg 212w, https:\/\/www.cerege.fr\/wp-content\/uploads\/2025\/09\/Screenshot_20250901_055005_Cafeyn-768x1087.jpg 768w, https:\/\/www.cerege.fr\/wp-content\/uploads\/2025\/09\/Screenshot_20250901_055005_Cafeyn-1086x1536.jpg 1086w, https:\/\/www.cerege.fr\/wp-content\/uploads\/2025\/09\/Screenshot_20250901_055005_Cafeyn-scaled.jpg 1448w, https:\/\/www.cerege.fr\/wp-content\/uploads\/2025\/09\/Screenshot_20250901_055005_Cafeyn-8x12.jpg 8w, https:\/\/www.cerege.fr\/wp-content\/uploads\/2025\/09\/Screenshot_20250901_055005_Cafeyn-1320x1868.jpg 1320w\" sizes=\"(max-width: 724px) 100vw, 724px\" \/>\t\t\t\t\t\t\t\t\t\t\t\t\t\t\t<\/div>\n\t\t\t\t<\/div>\n\t\t\t\t\t<\/div>\n\t\t<\/div>\n\t\t\t\t<div class=\"elementor-column elementor-col-50 elementor-inner-column elementor-element elementor-element-c143b7f\" data-id=\"c143b7f\" data-element_type=\"column\" data-e-type=\"column\">\n\t\t\t<div class=\"elementor-widget-wrap elementor-element-populated\">\n\t\t\t\t\t\t<div class=\"elementor-element elementor-element-afbdb48 elementor-align-center elementor-widget elementor-widget-button\" data-id=\"afbdb48\" data-element_type=\"widget\" data-e-type=\"widget\" data-widget_type=\"button.default\">\n\t\t\t\t<div class=\"elementor-widget-container\">\n\t\t\t\t\t\t\t\t\t<div class=\"elementor-button-wrapper\">\n\t\t\t\t\t<a class=\"elementor-button elementor-button-link elementor-size-sm\" href=\"https:\/\/www.laprovence.com\/article\/region\/14490528705790\/climat-ressources-a-aix-le-centre-expert-en-geosciences-fete-ses-30-ans-d-analyse-de-l-evolution-de-la-planete\" target=\"_blank\" rel=\"noopener\">\n\t\t\t\t\t\t<span class=\"elementor-button-content-wrapper\">\n\t\t\t\t\t\t\t\t\t<span class=\"elementor-button-text\">Article \u00b7 La Provence<\/span>\n\t\t\t\t\t<\/span>\n\t\t\t\t\t<\/a>\n\t\t\t\t<\/div>\n\t\t\t\t\t\t\t\t<\/div>\n\t\t\t\t<\/div>\n\t\t\t\t<div class=\"elementor-element elementor-element-0f13c22 elementor-align-center elementor-widget elementor-widget-button\" data-id=\"0f13c22\" data-element_type=\"widget\" data-e-type=\"widget\" data-widget_type=\"button.default\">\n\t\t\t\t<div class=\"elementor-widget-container\">\n\t\t\t\t\t\t\t\t\t<div class=\"elementor-button-wrapper\">\n\t\t\t\t\t<a class=\"elementor-button elementor-button-link elementor-size-sm\" href=\"https:\/\/www.destimed.fr\/les-30-ans-du-cerege-un-anniversaire-tourne-vers-lavenir\/\" target=\"_blank\" rel=\"noopener\">\n\t\t\t\t\t\t<span class=\"elementor-button-content-wrapper\">\n\t\t\t\t\t\t\t\t\t<span class=\"elementor-button-text\">Article \u00b7 Destimed<\/span>\n\t\t\t\t\t<\/span>\n\t\t\t\t\t<\/a>\n\t\t\t\t<\/div>\n\t\t\t\t\t\t\t\t<\/div>\n\t\t\t\t<\/div>\n\t\t\t\t\t<\/div>\n\t\t<\/div>\n\t\t\t\t\t<\/div>\n\t\t<\/section>\n\t\t\t\t<div class=\"elementor-element elementor-element-1a87d17 elementor-widget-divider--view-line elementor-widget elementor-widget-divider\" data-id=\"1a87d17\" data-element_type=\"widget\" data-e-type=\"widget\" data-widget_type=\"divider.default\">\n\t\t\t\t<div class=\"elementor-widget-container\">\n\t\t\t\t\t\t\t<div class=\"elementor-divider\">\n\t\t\t<span class=\"elementor-divider-separator\">\n\t\t\t\t\t\t<\/span>\n\t\t<\/div>\n\t\t\t\t\t\t<\/div>\n\t\t\t\t<\/div>\n\t\t\t\t<section class=\"elementor-section elementor-inner-section elementor-element elementor-element-cf4916d elementor-section-boxed elementor-section-height-default elementor-section-height-default\" data-id=\"cf4916d\" data-element_type=\"section\" data-e-type=\"section\">\n\t\t\t\t\t\t<div class=\"elementor-container elementor-column-gap-default\">\n\t\t\t\t\t<div class=\"elementor-column elementor-col-20 elementor-inner-column elementor-element elementor-element-433a283\" data-id=\"433a283\" data-element_type=\"column\" data-e-type=\"column\">\n\t\t\t<div class=\"elementor-widget-wrap elementor-element-populated\">\n\t\t\t\t\t\t<div class=\"elementor-element elementor-element-ac8c051 elementor-align-center elementor-widget elementor-widget-button\" data-id=\"ac8c051\" data-element_type=\"widget\" data-e-type=\"widget\" data-widget_type=\"button.default\">\n\t\t\t\t<div class=\"elementor-widget-container\">\n\t\t\t\t\t\t\t\t\t<div class=\"elementor-button-wrapper\">\n\t\t\t\t\t<a class=\"elementor-button elementor-button-link elementor-size-sm\" href=\"https:\/\/www.cnrs.fr\/actualite-du-cnrs\/provence-corse\/Lettre\/692\/Lettre.aspx?pk_campaign=Email-Html-Lettre-692&#038;pk_kwd=Reg-LienActu-19043#actualite19043\" target=\"_blank\" rel=\"noopener\">\n\t\t\t\t\t\t<span class=\"elementor-button-content-wrapper\">\n\t\t\t\t\t\t\t\t\t<span class=\"elementor-button-text\">Actualit\u00e9 \u00b7 CNRS<\/span>\n\t\t\t\t\t<\/span>\n\t\t\t\t\t<\/a>\n\t\t\t\t<\/div>\n\t\t\t\t\t\t\t\t<\/div>\n\t\t\t\t<\/div>\n\t\t\t\t\t<\/div>\n\t\t<\/div>\n\t\t\t\t<div class=\"elementor-column elementor-col-20 elementor-inner-column elementor-element elementor-element-fc4f7dc\" data-id=\"fc4f7dc\" data-element_type=\"column\" data-e-type=\"column\">\n\t\t\t<div class=\"elementor-widget-wrap elementor-element-populated\">\n\t\t\t\t\t\t<div class=\"elementor-element elementor-element-62ede1e elementor-align-center elementor-widget__width-initial elementor-widget elementor-widget-button\" data-id=\"62ede1e\" data-element_type=\"widget\" data-e-type=\"widget\" data-widget_type=\"button.default\">\n\t\t\t\t<div class=\"elementor-widget-container\">\n\t\t\t\t\t\t\t\t\t<div class=\"elementor-button-wrapper\">\n\t\t\t\t\t<a class=\"elementor-button elementor-button-link elementor-size-sm\" href=\"https:\/\/www.google.com\/url?sa=t&#038;source=web&#038;rct=j&#038;opi=89978449&#038;url=https:\/\/www.college-de-france.fr\/fr\/actualites\/participation-de-administrateur-du-college-de-france-aux-30-ans-du-cerege&#038;ved=2ahUKEwiBsIe8p8GPAxXJU6QEHbYkEuMQFnoECBcQAQ&#038;usg=AOvVaw2oBa6giJ27wEeLW_BsARda\" target=\"_blank\" rel=\"noopener\">\n\t\t\t\t\t\t<span class=\"elementor-button-content-wrapper\">\n\t\t\t\t\t\t\t\t\t<span class=\"elementor-button-text\">Actualit\u00e9 \u00b7 Coll\u00e8ge de France<\/span>\n\t\t\t\t\t<\/span>\n\t\t\t\t\t<\/a>\n\t\t\t\t<\/div>\n\t\t\t\t\t\t\t\t<\/div>\n\t\t\t\t<\/div>\n\t\t\t\t\t<\/div>\n\t\t<\/div>\n\t\t\t\t<div class=\"elementor-column elementor-col-20 elementor-inner-column elementor-element elementor-element-16c1072\" data-id=\"16c1072\" data-element_type=\"column\" data-e-type=\"column\">\n\t\t\t<div class=\"elementor-widget-wrap elementor-element-populated\">\n\t\t\t\t\t\t<div class=\"elementor-element elementor-element-768e3bc elementor-align-center elementor-widget__width-initial elementor-widget elementor-widget-button\" data-id=\"768e3bc\" data-element_type=\"widget\" data-e-type=\"widget\" data-widget_type=\"button.default\">\n\t\t\t\t<div class=\"elementor-widget-container\">\n\t\t\t\t\t\t\t\t\t<div class=\"elementor-button-wrapper\">\n\t\t\t\t\t<a class=\"elementor-button elementor-button-link elementor-size-sm\" href=\"https:\/\/www.inrae.fr\/evenements\/celebration-anniversaire-30-ans-du-cerege\" target=\"_blank\" rel=\"noopener\">\n\t\t\t\t\t\t<span class=\"elementor-button-content-wrapper\">\n\t\t\t\t\t\t\t\t\t<span class=\"elementor-button-text\">Actualit\u00e9  \u00b7 INRAE<\/span>\n\t\t\t\t\t<\/span>\n\t\t\t\t\t<\/a>\n\t\t\t\t<\/div>\n\t\t\t\t\t\t\t\t<\/div>\n\t\t\t\t<\/div>\n\t\t\t\t\t<\/div>\n\t\t<\/div>\n\t\t\t\t<div class=\"elementor-column elementor-col-20 elementor-inner-column elementor-element elementor-element-40aeae2\" data-id=\"40aeae2\" data-element_type=\"column\" data-e-type=\"column\">\n\t\t\t<div class=\"elementor-widget-wrap elementor-element-populated\">\n\t\t\t\t\t\t<div class=\"elementor-element elementor-element-1110454 elementor-align-center elementor-widget elementor-widget-button\" data-id=\"1110454\" data-element_type=\"widget\" data-e-type=\"widget\" data-widget_type=\"button.default\">\n\t\t\t\t<div class=\"elementor-widget-container\">\n\t\t\t\t\t\t\t\t\t<div class=\"elementor-button-wrapper\">\n\t\t\t\t\t<a class=\"elementor-button elementor-button-link elementor-size-sm\" href=\"https:\/\/www.ird.fr\/retour-sur-les-30-ans-du-centre-de-recherche-et-denseignement-en-geosciences-de-lenvironnement\" target=\"_blank\" rel=\"noopener\">\n\t\t\t\t\t\t<span class=\"elementor-button-content-wrapper\">\n\t\t\t\t\t\t\t\t\t<span class=\"elementor-button-text\">Actualit\u00e9 \u00b7 IRD<\/span>\n\t\t\t\t\t<\/span>\n\t\t\t\t\t<\/a>\n\t\t\t\t<\/div>\n\t\t\t\t\t\t\t\t<\/div>\n\t\t\t\t<\/div>\n\t\t\t\t\t<\/div>\n\t\t<\/div>\n\t\t\t\t<div class=\"elementor-column elementor-col-20 elementor-inner-column elementor-element elementor-element-fe2311c\" data-id=\"fe2311c\" data-element_type=\"column\" data-e-type=\"column\">\n\t\t\t<div class=\"elementor-widget-wrap elementor-element-populated\">\n\t\t\t\t\t\t<div class=\"elementor-element elementor-element-cc8a77d elementor-align-center elementor-widget__width-initial elementor-widget elementor-widget-button\" data-id=\"cc8a77d\" data-element_type=\"widget\" data-e-type=\"widget\" data-widget_type=\"button.default\">\n\t\t\t\t<div class=\"elementor-widget-container\">\n\t\t\t\t\t\t\t\t\t<div class=\"elementor-button-wrapper\">\n\t\t\t\t\t<a class=\"elementor-button elementor-button-link elementor-size-sm\" href=\"https:\/\/news.osupytheas.fr\/30-ans-du-cerege-celebration-science-et-partage\/\" target=\"_blank\" rel=\"noopener\">\n\t\t\t\t\t\t<span class=\"elementor-button-content-wrapper\">\n\t\t\t\t\t\t\t\t\t<span class=\"elementor-button-text\">Actualit\u00e9 \u00b7 OSU Pyth\u00e9as<\/span>\n\t\t\t\t\t<\/span>\n\t\t\t\t\t<\/a>\n\t\t\t\t<\/div>\n\t\t\t\t\t\t\t\t<\/div>\n\t\t\t\t<\/div>\n\t\t\t\t\t<\/div>\n\t\t<\/div>\n\t\t\t\t\t<\/div>\n\t\t<\/section>\n\t\t\t\t\t<\/div>\n\t\t<\/div>\n\t\t\t\t\t<\/div>\n\t\t<\/section>\n\t\t\t\t<\/div>\n\t\t","protected":false},"excerpt":{"rendered":"<p>Fin ao\u00fbt 2025, le CEREGE a c\u00e9l\u00e9br\u00e9 ses 30 ans avec une semaine riche en rencontres scientifiques, \u00e9changes, expositions et festivit\u00e9s. Ces trois journ\u00e9es ont offert un reflet unique du [&hellip;]<\/p>\n","protected":false},"author":817,"featured_media":27997,"comment_status":"closed","ping_status":"closed","sticky":false,"template":"","format":"standard","meta":{"_acf_changed":false,"footnotes":""},"categories":[1],"tags":[],"class_list":["post-27993","post","type-post","status-publish","format-standard","has-post-thumbnail","hentry","category-actualite"],"acf":[],"publishpress_future_action":{"enabled":false,"date":"2026-05-06 08:15:28","action":"change-status","newStatus":"draft","terms":[],"taxonomy":"category","extraData":[]},"publishpress_future_workflow_manual_trigger":{"enabledWorkflows":[]},"_links":{"self":[{"href":"https:\/\/www.cerege.fr\/fr\/wp-json\/wp\/v2\/posts\/27993","targetHints":{"allow":["GET"]}}],"collection":[{"href":"https:\/\/www.cerege.fr\/fr\/wp-json\/wp\/v2\/posts"}],"about":[{"href":"https:\/\/www.cerege.fr\/fr\/wp-json\/wp\/v2\/types\/post"}],"author":[{"embeddable":true,"href":"https:\/\/www.cerege.fr\/fr\/wp-json\/wp\/v2\/users\/817"}],"replies":[{"embeddable":true,"href":"https:\/\/www.cerege.fr\/fr\/wp-json\/wp\/v2\/comments?post=27993"}],"version-history":[{"count":5,"href":"https:\/\/www.cerege.fr\/fr\/wp-json\/wp\/v2\/posts\/27993\/revisions"}],"predecessor-version":[{"id":28418,"href":"https:\/\/www.cerege.fr\/fr\/wp-json\/wp\/v2\/posts\/27993\/revisions\/28418"}],"wp:featuredmedia":[{"embeddable":true,"href":"https:\/\/www.cerege.fr\/fr\/wp-json\/wp\/v2\/media\/27997"}],"wp:attachment":[{"href":"https:\/\/www.cerege.fr\/fr\/wp-json\/wp\/v2\/media?parent=27993"}],"wp:term":[{"taxonomy":"category","embeddable":true,"href":"https:\/\/www.cerege.fr\/fr\/wp-json\/wp\/v2\/categories?post=27993"},{"taxonomy":"post_tag","embeddable":true,"href":"https:\/\/www.cerege.fr\/fr\/wp-json\/wp\/v2\/tags?post=27993"}],"curies":[{"name":"wp","href":"https:\/\/api.w.org\/{rel}","templated":true}]}}