{"id":28867,"date":"2026-01-28T15:26:29","date_gmt":"2026-01-28T14:26:29","guid":{"rendered":"https:\/\/www.cerege.fr\/?p=28867"},"modified":"2026-03-19T16:36:41","modified_gmt":"2026-03-19T15:36:41","slug":"nicolas-roche-elu-a-lacademie-des-technologies","status":"publish","type":"post","link":"https:\/\/www.cerege.fr\/fr\/nicolas-roche-elu-a-lacademie-des-technologies\/","title":{"rendered":"Nicolas Roche \u00e9lu \u00e0 l\u2019Acad\u00e9mie des technologies"},"content":{"rendered":"\t\t<div data-elementor-type=\"wp-post\" data-elementor-id=\"28867\" class=\"elementor elementor-28867\" data-elementor-post-type=\"post\">\n\t\t\t\t\t\t<section class=\"elementor-section elementor-top-section elementor-element elementor-element-0525fd4 elementor-section-boxed elementor-section-height-default elementor-section-height-default\" data-id=\"0525fd4\" data-element_type=\"section\" data-e-type=\"section\">\n\t\t\t\t\t\t<div class=\"elementor-container elementor-column-gap-default\">\n\t\t\t\t\t<div class=\"elementor-column elementor-col-100 elementor-top-column elementor-element elementor-element-fe35caa\" data-id=\"fe35caa\" data-element_type=\"column\" data-e-type=\"column\">\n\t\t\t<div class=\"elementor-widget-wrap elementor-element-populated\">\n\t\t\t\t\t\t<section class=\"elementor-section elementor-inner-section elementor-element elementor-element-f505e75 elementor-section-boxed elementor-section-height-default elementor-section-height-default\" data-id=\"f505e75\" data-element_type=\"section\" data-e-type=\"section\">\n\t\t\t\t\t\t<div class=\"elementor-container elementor-column-gap-default\">\n\t\t\t\t\t<div class=\"elementor-column elementor-col-50 elementor-inner-column elementor-element elementor-element-80d3683\" data-id=\"80d3683\" data-element_type=\"column\" data-e-type=\"column\">\n\t\t\t<div class=\"elementor-widget-wrap elementor-element-populated\">\n\t\t\t\t\t\t<div class=\"elementor-element elementor-element-216f70e elementor-widget elementor-widget-image\" data-id=\"216f70e\" data-element_type=\"widget\" data-e-type=\"widget\" data-widget_type=\"image.default\">\n\t\t\t\t<div class=\"elementor-widget-container\">\n\t\t\t\t\t\t\t\t\t\t\t\t\t\t\t<img fetchpriority=\"high\" decoding=\"async\" width=\"800\" height=\"1004\" src=\"https:\/\/www.cerege.fr\/wp-content\/uploads\/2026\/01\/Nicolas-Roche-816x1024.jpg\" class=\"attachment-large size-large wp-image-28868\" alt=\"\" srcset=\"https:\/\/www.cerege.fr\/wp-content\/uploads\/2026\/01\/Nicolas-Roche-816x1024.jpg 816w, https:\/\/www.cerege.fr\/wp-content\/uploads\/2026\/01\/Nicolas-Roche-239x300.jpg 239w, https:\/\/www.cerege.fr\/wp-content\/uploads\/2026\/01\/Nicolas-Roche-768x964.jpg 768w, https:\/\/www.cerege.fr\/wp-content\/uploads\/2026\/01\/Nicolas-Roche-1224x1536.jpg 1224w, https:\/\/www.cerege.fr\/wp-content\/uploads\/2026\/01\/Nicolas-Roche-10x12.jpg 10w, https:\/\/www.cerege.fr\/wp-content\/uploads\/2026\/01\/Nicolas-Roche-1320x1657.jpg 1320w, https:\/\/www.cerege.fr\/wp-content\/uploads\/2026\/01\/Nicolas-Roche.jpg 1631w\" sizes=\"(max-width: 800px) 100vw, 800px\" \/>\t\t\t\t\t\t\t\t\t\t\t\t\t\t\t<\/div>\n\t\t\t\t<\/div>\n\t\t\t\t\t<\/div>\n\t\t<\/div>\n\t\t\t\t<div class=\"elementor-column elementor-col-50 elementor-inner-column elementor-element elementor-element-8b7e1ac\" data-id=\"8b7e1ac\" data-element_type=\"column\" data-e-type=\"column\">\n\t\t\t<div class=\"elementor-widget-wrap elementor-element-populated\">\n\t\t\t\t\t\t<div class=\"elementor-element elementor-element-08b2708 elementor-widget elementor-widget-text-editor\" data-id=\"08b2708\" data-element_type=\"widget\" data-e-type=\"widget\" data-widget_type=\"text-editor.default\">\n\t\t\t\t<div class=\"elementor-widget-container\">\n\t\t\t\t\t\t\t\t\t<p style=\"font-weight: 400;\"><strong>Nicolas Roche a \u00e9t\u00e9 \u00e9lu en 2025 \u00e0 l\u2019Acad\u00e9mie des technologies, en reconnaissance de plus de 35 ans d\u2019engagement dans la recherche sur l\u2019eau et en g\u00e9nie des proc\u00e9d\u00e9s.<\/strong><\/p><p style=\"font-weight: 400;\">Professeur \u00e0 Aix-Marseille Universit\u00e9 et chercheur au CEREGE et \u00e0 l\u2019ITEM, il d\u00e9veloppe des proc\u00e9d\u00e9s innovants pour le traitement de l\u2019eau et des d\u00e9chets, la valorisation des ressources et la gestion durable des milieux. Ses travaux m\u00ealent exp\u00e9rimentation, mod\u00e9lisation et collaboration avec le monde socio-\u00e9conomique, et il contribue activement \u00e0 la formation des \u00e9tudiants et chercheurs.<\/p><p style=\"font-weight: 400;\">Il a rejoint officiellement les nouveaux acad\u00e9miciens lors d\u2019une c\u00e9r\u00e9monie \u00e0 la Sorbonne le 10 mars 2026.<\/p>\t\t\t\t\t\t\t\t<\/div>\n\t\t\t\t<\/div>\n\t\t\t\t<div class=\"elementor-element elementor-element-e09ba46 elementor-widget-divider--view-line elementor-widget elementor-widget-divider\" data-id=\"e09ba46\" data-element_type=\"widget\" data-e-type=\"widget\" data-widget_type=\"divider.default\">\n\t\t\t\t<div class=\"elementor-widget-container\">\n\t\t\t\t\t\t\t<div class=\"elementor-divider\">\n\t\t\t<span class=\"elementor-divider-separator\">\n\t\t\t\t\t\t<\/span>\n\t\t<\/div>\n\t\t\t\t\t\t<\/div>\n\t\t\t\t<\/div>\n\t\t\t\t<div class=\"elementor-element elementor-element-1b6ec0c elementor-widget elementor-widget-text-editor\" data-id=\"1b6ec0c\" data-element_type=\"widget\" data-e-type=\"widget\" data-widget_type=\"text-editor.default\">\n\t\t\t\t<div class=\"elementor-widget-container\">\n\t\t\t\t\t\t\t\t\t<p><strong>Pour en savoir plus :\u00a0<\/strong><\/p><ul><li><a href=\"https:\/\/www.academie-technologies.fr\/presse\/18-nouveaux-membres-elus-a-lacademie-des-technologies-2025\/\" target=\"_blank\" rel=\"noopener\">18 nouveaux membres \u00e9lus \u00e0 l&#8217;Acad\u00e9mie des technologies en 2025<\/a><\/li><li><a href=\"https:\/\/gomet.net\/nicolas-roche-entre-a-lacademie-des-technologies\/\" target=\"_blank\" rel=\"noopener\">Le chercheur du Cerege, Nicolas Roche, entre \u00e0 l&#8217;Acad\u00e9mie des technologies<\/a><\/li><\/ul>\t\t\t\t\t\t\t\t<\/div>\n\t\t\t\t<\/div>\n\t\t\t\t\t<\/div>\n\t\t<\/div>\n\t\t\t\t\t<\/div>\n\t\t<\/section>\n\t\t\t\t\t<\/div>\n\t\t<\/div>\n\t\t\t\t\t<\/div>\n\t\t<\/section>\n\t\t\t\t<\/div>\n\t\t","protected":false},"excerpt":{"rendered":"<p>Nicolas Roche a \u00e9t\u00e9 \u00e9lu en 2025 \u00e0 l\u2019Acad\u00e9mie des technologies, en reconnaissance de plus de 35 ans d\u2019engagement dans la recherche sur l\u2019eau et en g\u00e9nie des proc\u00e9d\u00e9s. Professeur [&hellip;]<\/p>\n","protected":false},"author":817,"featured_media":28872,"comment_status":"closed","ping_status":"closed","sticky":false,"template":"","format":"standard","meta":{"_acf_changed":false,"footnotes":""},"categories":[1],"tags":[],"class_list":["post-28867","post","type-post","status-publish","format-standard","has-post-thumbnail","hentry","category-actualite"],"acf":[],"publishpress_future_action":{"enabled":false,"date":"2026-05-09 15:07:16","action":"change-status","newStatus":"draft","terms":[],"taxonomy":"category","extraData":[]},"publishpress_future_workflow_manual_trigger":{"enabledWorkflows":[]},"_links":{"self":[{"href":"https:\/\/www.cerege.fr\/fr\/wp-json\/wp\/v2\/posts\/28867","targetHints":{"allow":["GET"]}}],"collection":[{"href":"https:\/\/www.cerege.fr\/fr\/wp-json\/wp\/v2\/posts"}],"about":[{"href":"https:\/\/www.cerege.fr\/fr\/wp-json\/wp\/v2\/types\/post"}],"author":[{"embeddable":true,"href":"https:\/\/www.cerege.fr\/fr\/wp-json\/wp\/v2\/users\/817"}],"replies":[{"embeddable":true,"href":"https:\/\/www.cerege.fr\/fr\/wp-json\/wp\/v2\/comments?post=28867"}],"version-history":[{"count":5,"href":"https:\/\/www.cerege.fr\/fr\/wp-json\/wp\/v2\/posts\/28867\/revisions"}],"predecessor-version":[{"id":29124,"href":"https:\/\/www.cerege.fr\/fr\/wp-json\/wp\/v2\/posts\/28867\/revisions\/29124"}],"wp:featuredmedia":[{"embeddable":true,"href":"https:\/\/www.cerege.fr\/fr\/wp-json\/wp\/v2\/media\/28872"}],"wp:attachment":[{"href":"https:\/\/www.cerege.fr\/fr\/wp-json\/wp\/v2\/media?parent=28867"}],"wp:term":[{"taxonomy":"category","embeddable":true,"href":"https:\/\/www.cerege.fr\/fr\/wp-json\/wp\/v2\/categories?post=28867"},{"taxonomy":"post_tag","embeddable":true,"href":"https:\/\/www.cerege.fr\/fr\/wp-json\/wp\/v2\/tags?post=28867"}],"curies":[{"name":"wp","href":"https:\/\/api.w.org\/{rel}","templated":true}]}}